{"id":96,"date":"2022-11-26T20:04:39","date_gmt":"2022-11-26T19:04:39","guid":{"rendered":"http:\/\/www.3emerive.fr\/?p=96"},"modified":"2022-11-26T20:04:39","modified_gmt":"2022-11-26T19:04:39","slug":"concert-de-soutien-presentation-des-groupes","status":"publish","type":"post","link":"http:\/\/www.3emerive.fr\/?p=96","title":{"rendered":"Concert de soutien : pr\u00e9sentation des groupes"},"content":{"rendered":"<div class=\"post-content e-content\" itemprop=\"articleBody\">\n<p>Petite pr\u00e9sentation des artistes qui nous font l\u2019honneur de jouer b\u00e9n\u00e9volement pour soutenir 3\u00e8me Rive, le projet du caf\u00e9 associatif. Un grand MERCI \u00e0 eux !<\/p>\n<h2 id=\"jean-claude-vorgy\">Jean-Claude Vorgy<\/h2>\n<p>Sa musique, toute empreinte de notes et de silences, transporte all\u00e8grement une foule de mots, agglutin\u00e9s les uns aux autres en des phrases construites et signifiantes o\u00f9 l\u2019\u00e9motion trouve quand m\u00eame sa place. Dans son catalogue se c\u00f4toient l\u2019amour, les bancs publics, les chaussettes, les Vosges \u2026<\/p>\n<p>Pour parachever le tout, il utilise de fa\u00e7on habilement synchronis\u00e9e ses deux mains, pour jouer de la guitare, en m\u00eame temps qu\u2019il chante.<\/p>\n<p><img data-recalc-dims=\"1\" decoding=\"async\" src=\"https:\/\/i0.wp.com\/www.3eme-rive.org\/images\/uploads\/vorgy.jpg?w=1290&#038;ssl=1\" alt=\"\/images\/uploads\/vorgy.jpg\" \/><\/p>\n<h2 id=\"la-friche-le-chauve-et-le-grand-d\u00e9glingu\u00e9\">La Friche, le Chauve et le Grand D\u00e9glingu\u00e9<\/h2>\n<p>Ce sont trois amis spinaliens qui aiment partager leur joie de vivre en jouant de la musique acoustique dans les bars, les march\u00e9s et autres \u00e9v\u00e9nements. De Dutronc \u00e0 Renaud, Dassin et VRP, en passant par Les Eagles et Java ou Iam, c\u2019est sans prise de t\u00eate et pour tous les go\u00fbts !<\/p>\n<p><img data-recalc-dims=\"1\" decoding=\"async\" src=\"https:\/\/i0.wp.com\/www.3eme-rive.org\/images\/uploads\/chauve-friche-deglingue.jpg?w=1290&#038;ssl=1\" alt=\"\/images\/uploads\/chauve-friche-deglingue.jpg\" \/><\/p>\n<h2 id=\"uksule-reprises-jazz\">Uksule, reprises jazz<\/h2>\n<p>Et c\u2019est au tour de notre groupe de reprises jazz de faire les pr\u00e9sentations !<\/p>\n<p>Voici USKULE avec Philippe au sax, Michou \u00e0 l\u2019harmonica et au tuba, Fred \u00e0 la guitare, J\u00e9r\u00f4me au clavier et Yvo \u00e0 la batterie.<\/p>\n<p><img data-recalc-dims=\"1\" decoding=\"async\" src=\"https:\/\/i0.wp.com\/www.3eme-rive.org\/images\/uploads\/uksule.png?w=1290&#038;ssl=1\" alt=\"\/images\/uploads\/uksule.png\" \/><\/p>\n<p>On a h\u00e2te d\u2019\u00eatre \u00e0 mercredi pour vous faire d\u00e9couvrir tout \u00e7a !<\/p>\n<\/div>\n","protected":false},"excerpt":{"rendered":"<p>Petite pr\u00e9sentation des artistes qui nous font l\u2019honneur de jouer b\u00e9n\u00e9volement pour soutenir 3\u00e8me Rive, le projet du caf\u00e9 associatif. Un grand MERCI \u00e0 eux ! Jean-Claude Vorgy Sa musique, toute empreinte de notes et de silences, transporte all\u00e8grement une foule de mots, agglutin\u00e9s les uns aux autres en des phrases construites et signifiantes o\u00f9 [&hellip;]<\/p>\n","protected":false},"author":1,"featured_media":0,"comment_status":"open","ping_status":"open","sticky":false,"template":"","format":"standard","meta":{"_themeisle_gutenberg_block_has_review":false,"_jetpack_memberships_contains_paid_content":false,"footnotes":""},"categories":[3,4],"tags":[],"class_list":["post-96","post","type-post","status-publish","format-standard","hentry","category-3","category-archives"],"blocksy_meta":{"styles_descriptor":{"styles":{"desktop":"","tablet":"","mobile":""},"google_fonts":[],"version":6}},"jetpack_featured_media_url":"","jetpack_sharing_enabled":true,"_links":{"self":[{"href":"http:\/\/www.3emerive.fr\/index.php?rest_route=\/wp\/v2\/posts\/96","targetHints":{"allow":["GET"]}}],"collection":[{"href":"http:\/\/www.3emerive.fr\/index.php?rest_route=\/wp\/v2\/posts"}],"about":[{"href":"http:\/\/www.3emerive.fr\/index.php?rest_route=\/wp\/v2\/types\/post"}],"author":[{"embeddable":true,"href":"http:\/\/www.3emerive.fr\/index.php?rest_route=\/wp\/v2\/users\/1"}],"replies":[{"embeddable":true,"href":"http:\/\/www.3emerive.fr\/index.php?rest_route=%2Fwp%2Fv2%2Fcomments&post=96"}],"version-history":[{"count":1,"href":"http:\/\/www.3emerive.fr\/index.php?rest_route=\/wp\/v2\/posts\/96\/revisions"}],"predecessor-version":[{"id":97,"href":"http:\/\/www.3emerive.fr\/index.php?rest_route=\/wp\/v2\/posts\/96\/revisions\/97"}],"wp:attachment":[{"href":"http:\/\/www.3emerive.fr\/index.php?rest_route=%2Fwp%2Fv2%2Fmedia&parent=96"}],"wp:term":[{"taxonomy":"category","embeddable":true,"href":"http:\/\/www.3emerive.fr\/index.php?rest_route=%2Fwp%2Fv2%2Fcategories&post=96"},{"taxonomy":"post_tag","embeddable":true,"href":"http:\/\/www.3emerive.fr\/index.php?rest_route=%2Fwp%2Fv2%2Ftags&post=96"}],"curies":[{"name":"wp","href":"https:\/\/api.w.org\/{rel}","templated":true}]}}