{"id":92,"date":"2022-11-26T20:00:00","date_gmt":"2022-11-26T19:00:00","guid":{"rendered":"http:\/\/www.3emerive.fr\/?p=92"},"modified":"2022-11-26T20:00:00","modified_gmt":"2022-11-26T19:00:00","slug":"concert-de-soutien-le-20-decembre","status":"publish","type":"post","link":"http:\/\/www.3emerive.fr\/?p=92","title":{"rendered":"Concert de soutien le 20 d\u00e9cembre"},"content":{"rendered":"<div class=\"post-content e-content\" itemprop=\"articleBody\">\n<p>Venez passer une agr\u00e9able soir\u00e9e autour de la musique pour soutenir le projet 3\u00e8me Rive, Caf\u00e9 Associatif d\u2019\u00c9pinal !<\/p>\n<h2 id=\"au-programme\">Au programme<\/h2>\n<ul>\n<li>Jean-Claude VORGY, auteur-compositeur<\/li>\n<li>USKULE, reprise de standards jazz<\/li>\n<li>La Friche, le Chauve &amp; le Grand D\u00e9glingu\u00e9, reprises sans prise de t\u00eate !<\/li>\n<\/ul>\n<p>Buvette &amp; petite restauration sur place.<\/p>\n<h2 id=\"infos-pratiques\">Infos pratiques<\/h2>\n<p><strong>Date<\/strong> : Mercredi 20 d\u00e9cembre, \u00e0 partir de 19h<\/p>\n<p><strong>Lieu<\/strong> : Studio Micro-climat, 20bis quai de Dogneville, Epinal<\/p>\n<p><strong>Tarif<\/strong> : prix libre sur la base de 5\u20ac<\/p>\n<p>N\u2019h\u00e9sitez pas \u00e0 r\u00e9server d\u00e8s maintenant !<\/p>\n<h2 id=\"renseignements-et-r\u00e9servation\">Renseignements et r\u00e9servation<\/h2>\n<ul>\n<li>Tel\u00e9phone : 06 28 35 39 36<\/li>\n<li><a href=\"https:\/\/www.helloasso.com\/associations\/3eme-rive-cafe-associatif\/evenements\/concert-de-soutien-a-3eme-rive-cafe-associatif-d-epinal\">R\u00e9servez en ligne<\/a> !<\/li>\n<\/ul>\n<p><a href=\"https:\/\/www.helloasso.com\/associations\/3eme-rive-cafe-associatif\/evenements\/concert-de-soutien-a-3eme-rive-cafe-associatif-d-epinal\" target=\"_blank\" class=\"btn\" rel=\"noopener\">R\u00e9servation en ligne<\/a><\/p>\n<\/div>\n","protected":false},"excerpt":{"rendered":"<p>Venez passer une agr\u00e9able soir\u00e9e autour de la musique pour soutenir le projet 3\u00e8me Rive, Caf\u00e9 Associatif d\u2019\u00c9pinal ! Au programme Jean-Claude VORGY, auteur-compositeur USKULE, reprise de standards jazz La Friche, le Chauve &amp; le Grand D\u00e9glingu\u00e9, reprises sans prise de t\u00eate ! Buvette &amp; petite restauration sur place. Infos pratiques Date : Mercredi 20 [&hellip;]<\/p>\n","protected":false},"author":1,"featured_media":0,"comment_status":"open","ping_status":"open","sticky":false,"template":"","format":"standard","meta":{"_themeisle_gutenberg_block_has_review":false,"_jetpack_memberships_contains_paid_content":false,"footnotes":""},"categories":[3,4],"tags":[],"class_list":["post-92","post","type-post","status-publish","format-standard","hentry","category-3","category-archives"],"blocksy_meta":{"styles_descriptor":{"styles":{"desktop":"","tablet":"","mobile":""},"google_fonts":[],"version":6}},"jetpack_featured_media_url":"","jetpack_sharing_enabled":true,"_links":{"self":[{"href":"http:\/\/www.3emerive.fr\/index.php?rest_route=\/wp\/v2\/posts\/92","targetHints":{"allow":["GET"]}}],"collection":[{"href":"http:\/\/www.3emerive.fr\/index.php?rest_route=\/wp\/v2\/posts"}],"about":[{"href":"http:\/\/www.3emerive.fr\/index.php?rest_route=\/wp\/v2\/types\/post"}],"author":[{"embeddable":true,"href":"http:\/\/www.3emerive.fr\/index.php?rest_route=\/wp\/v2\/users\/1"}],"replies":[{"embeddable":true,"href":"http:\/\/www.3emerive.fr\/index.php?rest_route=%2Fwp%2Fv2%2Fcomments&post=92"}],"version-history":[{"count":1,"href":"http:\/\/www.3emerive.fr\/index.php?rest_route=\/wp\/v2\/posts\/92\/revisions"}],"predecessor-version":[{"id":93,"href":"http:\/\/www.3emerive.fr\/index.php?rest_route=\/wp\/v2\/posts\/92\/revisions\/93"}],"wp:attachment":[{"href":"http:\/\/www.3emerive.fr\/index.php?rest_route=%2Fwp%2Fv2%2Fmedia&parent=92"}],"wp:term":[{"taxonomy":"category","embeddable":true,"href":"http:\/\/www.3emerive.fr\/index.php?rest_route=%2Fwp%2Fv2%2Fcategories&post=92"},{"taxonomy":"post_tag","embeddable":true,"href":"http:\/\/www.3emerive.fr\/index.php?rest_route=%2Fwp%2Fv2%2Ftags&post=92"}],"curies":[{"name":"wp","href":"https:\/\/api.w.org\/{rel}","templated":true}]}}