{"id":87,"date":"2022-11-26T19:34:21","date_gmt":"2022-11-26T18:34:21","guid":{"rendered":"http:\/\/www.3emerive.fr\/?p=87"},"modified":"2022-11-26T20:22:49","modified_gmt":"2022-11-26T19:22:49","slug":"assemblee-generale","status":"publish","type":"post","link":"http:\/\/www.3emerive.fr\/?p=87","title":{"rendered":"Assembl\u00e9e g\u00e9n\u00e9rale"},"content":{"rendered":"<div class=\"post-content e-content\" itemprop=\"articleBody\">\n<p>Rendez-vous samedi 16 septembre pour la premi\u00e8re assembl\u00e9e g\u00e9n\u00e9rale de 3\u00e8me Rive !<\/p>\n<p>Depuis de nombreux mois, nous nous activons en coulisse pour faire \u00e9merger le caf\u00e9 associatif 3\u00e8me Rive. Apr\u00e8s un sondage diffus\u00e9 largement, apr\u00e8s un temps de rencontre publique mi-juin, apr\u00e8s de multiples \u00e9changes et avanc\u00e9es pendant l\u2019\u00e9t\u00e9, l\u2019association 3\u00e8me Rive, porteuse du projet, est officiellement cr\u00e9\u00e9e depuis le 05 ao\u00fbt dernier !<\/p>\n<p>Il est maintenant temps pour l\u2019association d\u2019ouvrir grandes ses portes. C\u2019est pourquoi nous avons le plaisir de vous convier \u00e0<\/p>\n<p><strong>L\u2019assembl\u00e9e g\u00e9n\u00e9rale de 3\u00e8me Rive<\/strong><br \/>\n<strong>Samedi 16 septembre 2017, \u00e0 partir de 15h30<\/strong><br \/>\n<strong>A l\u2019auditorium de la BMI, 48 rue Saint Michel \u00e0 Epinal.<\/strong><\/p>\n<h2 id=\"ordre-du-jour-\">Ordre du jour :<\/h2>\n<p>15h30 :<\/p>\n<ul>\n<li>Accueil des participants<\/li>\n<li>Adh\u00e9sions pour celles et ceux qui le souhaitent<\/li>\n<\/ul>\n<p>16h : D\u00e9but de l\u2019assembl\u00e9e g\u00e9n\u00e9rale<\/p>\n<ul>\n<li>Pr\u00e9sentation de l\u2019association (statuts, bureau actuel..)<\/li>\n<li>Rapport d\u2019activit\u00e9 et rapport moral<\/li>\n<li>Rapport financier (et vote)<\/li>\n<li>Pr\u00e9sentation et \u00e9lection des membres du nouveau conseil d\u2019administration<\/li>\n<li>Vote des cotisations 2018<\/li>\n<li>Projets pour l\u2019ann\u00e9e 2017 \/ 2018<\/li>\n<li>Temps de questions-r\u00e9ponses<\/li>\n<li>Verre de l\u2019amiti\u00e9<\/li>\n<\/ul>\n<p>Nous restons \u00e0 votre disposition pour toutes questions avant l\u2019assembl\u00e9e g\u00e9n\u00e9rale.<\/p>\n<\/div>\n","protected":false},"excerpt":{"rendered":"<p>Rendez-vous samedi 16 septembre pour la premi\u00e8re assembl\u00e9e g\u00e9n\u00e9rale de 3\u00e8me Rive ! Depuis de nombreux mois, nous nous activons en coulisse pour faire \u00e9merger le caf\u00e9 associatif 3\u00e8me Rive. Apr\u00e8s un sondage diffus\u00e9 largement, apr\u00e8s un temps de rencontre publique mi-juin, apr\u00e8s de multiples \u00e9changes et avanc\u00e9es pendant l\u2019\u00e9t\u00e9, l\u2019association 3\u00e8me Rive, porteuse du [&hellip;]<\/p>\n","protected":false},"author":1,"featured_media":0,"comment_status":"open","ping_status":"open","sticky":false,"template":"","format":"standard","meta":{"_themeisle_gutenberg_block_has_review":false,"_jetpack_memberships_contains_paid_content":false,"footnotes":""},"categories":[3,4],"tags":[],"class_list":["post-87","post","type-post","status-publish","format-standard","hentry","category-3","category-archives"],"blocksy_meta":{"styles_descriptor":{"styles":{"desktop":"","tablet":"","mobile":""},"google_fonts":[],"version":6}},"jetpack_featured_media_url":"","jetpack_sharing_enabled":true,"_links":{"self":[{"href":"http:\/\/www.3emerive.fr\/index.php?rest_route=\/wp\/v2\/posts\/87","targetHints":{"allow":["GET"]}}],"collection":[{"href":"http:\/\/www.3emerive.fr\/index.php?rest_route=\/wp\/v2\/posts"}],"about":[{"href":"http:\/\/www.3emerive.fr\/index.php?rest_route=\/wp\/v2\/types\/post"}],"author":[{"embeddable":true,"href":"http:\/\/www.3emerive.fr\/index.php?rest_route=\/wp\/v2\/users\/1"}],"replies":[{"embeddable":true,"href":"http:\/\/www.3emerive.fr\/index.php?rest_route=%2Fwp%2Fv2%2Fcomments&post=87"}],"version-history":[{"count":1,"href":"http:\/\/www.3emerive.fr\/index.php?rest_route=\/wp\/v2\/posts\/87\/revisions"}],"predecessor-version":[{"id":88,"href":"http:\/\/www.3emerive.fr\/index.php?rest_route=\/wp\/v2\/posts\/87\/revisions\/88"}],"wp:attachment":[{"href":"http:\/\/www.3emerive.fr\/index.php?rest_route=%2Fwp%2Fv2%2Fmedia&parent=87"}],"wp:term":[{"taxonomy":"category","embeddable":true,"href":"http:\/\/www.3emerive.fr\/index.php?rest_route=%2Fwp%2Fv2%2Fcategories&post=87"},{"taxonomy":"post_tag","embeddable":true,"href":"http:\/\/www.3emerive.fr\/index.php?rest_route=%2Fwp%2Fv2%2Ftags&post=87"}],"curies":[{"name":"wp","href":"https:\/\/api.w.org\/{rel}","templated":true}]}}