{"id":441,"date":"2023-01-24T14:53:26","date_gmt":"2023-01-24T13:53:26","guid":{"rendered":"http:\/\/www.3emerive.fr\/?p=441"},"modified":"2023-01-24T14:53:28","modified_gmt":"2023-01-24T13:53:28","slug":"projection-du-film-douce-france-le-21-juillet","status":"publish","type":"post","link":"http:\/\/www.3emerive.fr\/?p=441","title":{"rendered":"Projection du film Douce France le 21 juillet"},"content":{"rendered":"\n<p data-block-type=\"core\">Dans la p\u00e9riode que nous vivons, le film \u201c<em><a href=\"https:\/\/vimeo.com\/413286646\">Douce&nbsp;France<\/a><\/em>\u201d est une bouff\u00e9e d\u2019air. Ces jeunes questionnent nos modes de vie et nous am\u00e8nent \u00e0 r\u00e9fl\u00e9chir aux choix de soci\u00e9t\u00e9 qui sont \u00e0 l\u2019\u0153uvre dans notre \u201cDouce France\u201d. Une rare opportunit\u00e9 de faire se rencontrer des milieux diff\u00e9rents et de retisser des liens entre les quartiers, les villes et les campagnes.<\/p>\n\n\n\n<p data-block-type=\"core\">Nous vous invitons \u00e0 rejoindre un collectif d\u2019acteurs motiv\u00e9s pour&nbsp;nourrir le d\u00e9bat autour d\u2019un changement de cap et faire bouger les Vosges de demain.<\/p>\n\n\n\n<p data-block-type=\"core\">Retrouvons-nous le&nbsp;<strong>mercredi 21 juillet au Cin\u00e9 Palace d\u2019Epinal d\u00e8s 9h pour d\u00e9couvrir ensemble le film sur grand \u00e9cran et \u00e9changer jusque midi sur:<\/strong><\/p>\n\n\n\n<ul class=\"wp-block-list\" data-block-type=\"core\">\n<li data-block-type=\"core\">les lieux et dates de projection \u00e9ventuelle du film dans les Vosges (s\u00e9ances scolaires et grand public)<\/li>\n\n\n\n<li data-block-type=\"core\">la mobilisation de TOUS les publics, en particulier les jeunes, les habitants issus des quartiers politique de la ville comme des territoires ruraux\u2026<\/li>\n\n\n\n<li data-block-type=\"core\">les animations p\u00e9dagogiques et citoyennes autour de la projection<\/li>\n<\/ul>\n\n\n\n<p data-block-type=\"core\"><strong>Merci de&nbsp;confirmer votre pr\u00e9sence&nbsp;sur le lien Framacalc suivant<\/strong> :&nbsp;<a href=\"https:\/\/lite.framacalc.org\/9oga-douce-france-21-juillet\">https:\/\/lite.framacalc.org\/9oga-douce-france-21-juillet<\/a><\/p>\n\n\n\n<p data-block-type=\"core\"><strong>Documents \u00e0 votre disposition :<\/strong><\/p>\n\n\n\n<p data-block-type=\"core\"><strong>&#8211; la bande annonce&nbsp;du film :&nbsp;<a href=\"https:\/\/vimeo.com\/413286646\">https:\/\/vimeo.com\/413286646<\/a><\/strong><\/p>\n\n\n\n<p data-block-type=\"core\"><strong>&#8211; le guide de projection<\/strong>&nbsp;\u00e0 t\u00e9l\u00e9charger :&nbsp;<a href=\"https:\/\/drive.google.com\/drive\/folders\/1xoAgRoFGVigrK1nuEe6ZSBingtuRwKw2?usp=sharing\">https:\/\/drive.google.com\/drive\/folders\/1xoAgRoFGVigrK1nuEe6ZSBingtuRwKw2?usp=sharing<\/a>&nbsp;<\/p>\n\n\n\n<p data-block-type=\"core\"><strong>&#8211; le dossier de presse<\/strong>&nbsp;\u00e0 t\u00e9l\u00e9charger :&nbsp;<a href=\"https:\/\/drive.google.com\/drive\/folders\/1FPd30kNazoRfie2tgeDGJOjv2ddd4SQo?usp=sharing\">https:\/\/drive.google.com\/drive\/folders\/1FPd30kNazoRfie2tgeDGJOjv2ddd4SQo?usp=sharing<\/a><\/p>\n\n\n\n<p data-block-type=\"core\"><strong>&#8211; le nouveau kit p\u00e9dagogique<\/strong>&nbsp;pour les scolaires :&nbsp;<a href=\"https:\/\/drive.google.com\/file\/d\/1_4OKdd4PA1nmUVCYzQvxlXhwsS89D4SZ\/view?usp=sharing\">https:\/\/drive.google.com\/file\/d\/1_4OKdd4PA1nmUVCYzQvxlXhwsS89D4SZ\/view?usp=sharing<\/a><\/p>\n\n\n\n<p data-block-type=\"core\"><strong>&#8211; le calendrier partag\u00e9 de proposition de dates<\/strong>&nbsp;de projections que vous pouvez compl\u00e9ter :&nbsp;<a href=\"https:\/\/docs.google.com\/spreadsheets\/d\/1Fh56PWZoG407Q5ocKm1hSe5A0-T_bQEnAJBsY9ey_aI\/edit#gid=0\">https:\/\/docs.google.com\/spreadsheets\/d\/1Fh56PWZoG407Q5ocKm1hSe5A0-T_bQEnAJBsY9ey_aI\/edit#gid=0<\/a><\/p>\n\n\n\n<p data-block-type=\"core\">Pour toute information compl\u00e9mentaire, n\u2019h\u00e9sitez pas \u00e0 contacter Marion Garnier au 06 47 34 83 31<\/p>\n\n\n\n<p data-block-type=\"core\"><strong>Collectif R\u00e9seau d\u2019\u00eatres<\/strong><\/p>\n\n\n\n<p data-block-type=\"core\">2 quartier de la Magdeleine &#8211; Rue du G\u00e9n\u00e9ral Haxo &#8211; 88000 Epinal<\/p>\n\n\n\n<p data-block-type=\"core\"><a href=\"mailto:reseaudetres88@gmail.com\">reseaudetres88@gmail.com<\/a><br>facebook : Collectif R\u00e9seau d\u2019\u00eatres<\/p>\n\n\n\n<p data-block-type=\"core\"><a href=\"https:\/\/colibris-wiki.org\/reseaudetres\/?PagePrincipale\">https:\/\/colibris-wiki.org\/reseaudetres\/?PagePrincipale<\/a><\/p>\n","protected":false},"excerpt":{"rendered":"<p>Dans la p\u00e9riode que nous vivons, le film \u201cDouce&nbsp;France\u201d est une bouff\u00e9e d\u2019air. Ces jeunes questionnent nos modes de vie et nous am\u00e8nent \u00e0 r\u00e9fl\u00e9chir aux choix de soci\u00e9t\u00e9 qui sont \u00e0 l\u2019\u0153uvre dans notre \u201cDouce France\u201d. Une rare opportunit\u00e9 de faire se rencontrer des milieux diff\u00e9rents et de retisser des liens entre les quartiers, [&hellip;]<\/p>\n","protected":false},"author":1,"featured_media":0,"comment_status":"open","ping_status":"open","sticky":false,"template":"","format":"standard","meta":{"_themeisle_gutenberg_block_has_review":false,"_jetpack_memberships_contains_paid_content":false,"footnotes":""},"categories":[11,4],"tags":[],"class_list":["post-441","post","type-post","status-publish","format-standard","hentry","category-11","category-archives"],"blocksy_meta":{"styles_descriptor":{"styles":{"desktop":"","tablet":"","mobile":""},"google_fonts":[],"version":6}},"jetpack_featured_media_url":"","jetpack_sharing_enabled":true,"_links":{"self":[{"href":"http:\/\/www.3emerive.fr\/index.php?rest_route=\/wp\/v2\/posts\/441","targetHints":{"allow":["GET"]}}],"collection":[{"href":"http:\/\/www.3emerive.fr\/index.php?rest_route=\/wp\/v2\/posts"}],"about":[{"href":"http:\/\/www.3emerive.fr\/index.php?rest_route=\/wp\/v2\/types\/post"}],"author":[{"embeddable":true,"href":"http:\/\/www.3emerive.fr\/index.php?rest_route=\/wp\/v2\/users\/1"}],"replies":[{"embeddable":true,"href":"http:\/\/www.3emerive.fr\/index.php?rest_route=%2Fwp%2Fv2%2Fcomments&post=441"}],"version-history":[{"count":1,"href":"http:\/\/www.3emerive.fr\/index.php?rest_route=\/wp\/v2\/posts\/441\/revisions"}],"predecessor-version":[{"id":442,"href":"http:\/\/www.3emerive.fr\/index.php?rest_route=\/wp\/v2\/posts\/441\/revisions\/442"}],"wp:attachment":[{"href":"http:\/\/www.3emerive.fr\/index.php?rest_route=%2Fwp%2Fv2%2Fmedia&parent=441"}],"wp:term":[{"taxonomy":"category","embeddable":true,"href":"http:\/\/www.3emerive.fr\/index.php?rest_route=%2Fwp%2Fv2%2Fcategories&post=441"},{"taxonomy":"post_tag","embeddable":true,"href":"http:\/\/www.3emerive.fr\/index.php?rest_route=%2Fwp%2Fv2%2Ftags&post=441"}],"curies":[{"name":"wp","href":"https:\/\/api.w.org\/{rel}","templated":true}]}}