{"id":434,"date":"2023-01-24T14:48:49","date_gmt":"2023-01-24T13:48:49","guid":{"rendered":"http:\/\/www.3emerive.fr\/?p=434"},"modified":"2023-01-24T14:48:52","modified_gmt":"2023-01-24T13:48:52","slug":"reunion-autour-du-film-douce-france-le-7-juillet","status":"publish","type":"post","link":"http:\/\/www.3emerive.fr\/?p=434","title":{"rendered":"R\u00e9union autour du film Douce France le 7 juillet"},"content":{"rendered":"\n<p data-block-type=\"core\">En lien avec la bo\u00eete \u00e0 film, le Collectif R\u00e9seau d\u2019\u00eatres envisage pour l\u2019automne une&nbsp;<strong>projection<\/strong>&nbsp;au&nbsp;<strong>Cin\u00e9s Palace<\/strong>&nbsp;du&nbsp;<strong>film documentaire : Douce France<\/strong>&nbsp;en pr\u00e9sence du r\u00e9alisateur Geoffrey Couanon.<br><br>Cette projection d\u00e9bat commune pourrait mobiliser les r\u00e9seaux locaux de transition (AMAP, Jardins de Cocagne, VNE, PNRBV) et les citoyens ( L\u00e0 Haut sur la colline, 3\u00e8me rive, Conseil des Jeunes, Centre sociaux, MJC, ATTAC, Collectif R\u00e9seau d\u2019\u00eatres, m\u00e9diateurs politique de la ville).<br><br>Afin d\u2019organiser cette projection-d\u00e9bat, une r\u00e9union aura lieu&nbsp;<strong>le MERCREDI 7 JUILLET DE 16H \u00c0 18H<\/strong>&nbsp;au local&nbsp;<strong>Ailleurs<\/strong>&nbsp;(rappel : 15 rue Mar\u00e9chal&nbsp;Lyautey&nbsp;\u00e0 Epinal.)<br>&nbsp;<br>Cette r\u00e9union a pour but d\u2019imaginer et de pr\u00e9parer ensemble ce projet.&nbsp;<br>Ainsi, toutes les personnes susceptibles d\u2019\u00eatre int\u00e9ress\u00e9es (notamment les jeunes, \u00e9tant les principaux acteurs du films) sont cordialement invit\u00e9s \u00e0 participer \u00e0 cette r\u00e9union.&nbsp;<br><br>Par ailleurs, afin de vous pr\u00e9senter le film en amont, Denis Blum envisage une projection priv\u00e9e cet \u00e9t\u00e9.<\/p>\n\n\n\n<blockquote class=\"wp-block-quote is-layout-flow wp-block-quote-is-layout-flow\" data-block-type=\"core\">\n<p data-block-type=\"core\"><em>Le film Douce France aborde la question de l\u2019urbanisation en s\u2019appuyant sur le projet d\u2019Europa City et ce avec le regard des jeunes de gonesses. On y aborde peu l\u2019ESS sauf \u00e0 travers les AMAP\u2026 mais surtout il question sur le fait d\u2019\u00eatre acteur citoyen \u2026 et sur ce qu\u2019apporte ou pas ce type de projets.<\/em>&nbsp;<\/p>\n\n\n\n<p data-block-type=\"core\">Pour + d\u2019infos sur le film :&nbsp;<a href=\"https:\/\/doucefrance-lefilm.fr\/\">https:\/\/doucefrance-lefilm.fr<\/a><\/p>\n<\/blockquote>\n","protected":false},"excerpt":{"rendered":"<p>En lien avec la bo\u00eete \u00e0 film, le Collectif R\u00e9seau d\u2019\u00eatres envisage pour l\u2019automne une&nbsp;projection&nbsp;au&nbsp;Cin\u00e9s Palace&nbsp;du&nbsp;film documentaire : Douce France&nbsp;en pr\u00e9sence du r\u00e9alisateur Geoffrey Couanon. Cette projection d\u00e9bat commune pourrait mobiliser les r\u00e9seaux locaux de transition (AMAP, Jardins de Cocagne, VNE, PNRBV) et les citoyens ( L\u00e0 Haut sur la colline, 3\u00e8me rive, Conseil des [&hellip;]<\/p>\n","protected":false},"author":1,"featured_media":0,"comment_status":"open","ping_status":"open","sticky":false,"template":"","format":"standard","meta":{"_themeisle_gutenberg_block_has_review":false,"_jetpack_memberships_contains_paid_content":false,"footnotes":""},"categories":[11,4],"tags":[],"class_list":["post-434","post","type-post","status-publish","format-standard","hentry","category-11","category-archives"],"blocksy_meta":{"styles_descriptor":{"styles":{"desktop":"","tablet":"","mobile":""},"google_fonts":[],"version":6}},"jetpack_featured_media_url":"","jetpack_sharing_enabled":true,"_links":{"self":[{"href":"http:\/\/www.3emerive.fr\/index.php?rest_route=\/wp\/v2\/posts\/434","targetHints":{"allow":["GET"]}}],"collection":[{"href":"http:\/\/www.3emerive.fr\/index.php?rest_route=\/wp\/v2\/posts"}],"about":[{"href":"http:\/\/www.3emerive.fr\/index.php?rest_route=\/wp\/v2\/types\/post"}],"author":[{"embeddable":true,"href":"http:\/\/www.3emerive.fr\/index.php?rest_route=\/wp\/v2\/users\/1"}],"replies":[{"embeddable":true,"href":"http:\/\/www.3emerive.fr\/index.php?rest_route=%2Fwp%2Fv2%2Fcomments&post=434"}],"version-history":[{"count":1,"href":"http:\/\/www.3emerive.fr\/index.php?rest_route=\/wp\/v2\/posts\/434\/revisions"}],"predecessor-version":[{"id":435,"href":"http:\/\/www.3emerive.fr\/index.php?rest_route=\/wp\/v2\/posts\/434\/revisions\/435"}],"wp:attachment":[{"href":"http:\/\/www.3emerive.fr\/index.php?rest_route=%2Fwp%2Fv2%2Fmedia&parent=434"}],"wp:term":[{"taxonomy":"category","embeddable":true,"href":"http:\/\/www.3emerive.fr\/index.php?rest_route=%2Fwp%2Fv2%2Fcategories&post=434"},{"taxonomy":"post_tag","embeddable":true,"href":"http:\/\/www.3emerive.fr\/index.php?rest_route=%2Fwp%2Fv2%2Ftags&post=434"}],"curies":[{"name":"wp","href":"https:\/\/api.w.org\/{rel}","templated":true}]}}