{"id":428,"date":"2023-01-24T14:47:43","date_gmt":"2023-01-24T13:47:43","guid":{"rendered":"http:\/\/www.3emerive.fr\/?p=428"},"modified":"2023-01-24T14:47:45","modified_gmt":"2023-01-24T13:47:45","slug":"a-votre-imagination","status":"publish","type":"post","link":"http:\/\/www.3emerive.fr\/?p=428","title":{"rendered":"A votre imagination !"},"content":{"rendered":"\n<p data-block-type=\"core\">3\u00e8me Rive et Ailleurs ont besoin de plus de&nbsp;<strong>visibilit\u00e9<\/strong>&nbsp;dans la rue.<\/p>\n\n\n\n<p data-block-type=\"core\">Nous avons fait appel \u00e0 un&nbsp;<strong>artiste local, Fabian Delacote,<\/strong> que nous remercions chaleureusement, pour r\u00e9aliser les enseignes des locaux.<\/p>\n\n\n\n<ul class=\"wp-block-list\" data-block-type=\"core\">\n<li data-block-type=\"core\">Une&nbsp;<strong>enseigne haute<\/strong>&nbsp;tout le long du local d\u2019environ 624 \/ 44 cm<\/li>\n<\/ul>\n\n\n\n<p data-block-type=\"core\">&#8211;&nbsp;<strong>3 piliers<\/strong>&nbsp;d\u2019environ 36 \/ 224 cm (1 \u00e0 chaque extr\u00e9mit\u00e9 + 1 central)<\/p>\n\n\n\n<p data-block-type=\"core\">Sur ces parties de la fa\u00e7ade sera inscrit \u201cAILLEURS\u201d avec une&nbsp;<strong>phrase courte, des mots, des symboles, etc, en lien avec ce lieu.<\/strong><\/p>\n\n\n\n<p data-block-type=\"core\"><strong>Toutes vos id\u00e9es sont les bienvenues afin d\u2019alimenter la r\u00e9flexion de notre artiste.<\/strong><\/p>\n\n\n\n<p data-block-type=\"core\"><strong>Envoyez nous vos propositions pour samedi matin 5 juin au plus tard, sur le mail : cafe.asso.mf@free.fr<\/strong><\/p>\n\n\n\n<p data-block-type=\"core\"><strong>Merci pour votre participation !<\/strong><\/p>\n","protected":false},"excerpt":{"rendered":"<p>3\u00e8me Rive et Ailleurs ont besoin de plus de&nbsp;visibilit\u00e9&nbsp;dans la rue. Nous avons fait appel \u00e0 un&nbsp;artiste local, Fabian Delacote, que nous remercions chaleureusement, pour r\u00e9aliser les enseignes des locaux. &#8211;&nbsp;3 piliers&nbsp;d\u2019environ 36 \/ 224 cm (1 \u00e0 chaque extr\u00e9mit\u00e9 + 1 central) Sur ces parties de la fa\u00e7ade sera inscrit \u201cAILLEURS\u201d avec une&nbsp;phrase courte, [&hellip;]<\/p>\n","protected":false},"author":1,"featured_media":0,"comment_status":"open","ping_status":"open","sticky":false,"template":"","format":"standard","meta":{"_themeisle_gutenberg_block_has_review":false,"_jetpack_memberships_contains_paid_content":false,"footnotes":""},"categories":[11,4],"tags":[],"class_list":["post-428","post","type-post","status-publish","format-standard","hentry","category-11","category-archives"],"blocksy_meta":{"styles_descriptor":{"styles":{"desktop":"","tablet":"","mobile":""},"google_fonts":[],"version":6}},"jetpack_featured_media_url":"","jetpack_sharing_enabled":true,"_links":{"self":[{"href":"http:\/\/www.3emerive.fr\/index.php?rest_route=\/wp\/v2\/posts\/428","targetHints":{"allow":["GET"]}}],"collection":[{"href":"http:\/\/www.3emerive.fr\/index.php?rest_route=\/wp\/v2\/posts"}],"about":[{"href":"http:\/\/www.3emerive.fr\/index.php?rest_route=\/wp\/v2\/types\/post"}],"author":[{"embeddable":true,"href":"http:\/\/www.3emerive.fr\/index.php?rest_route=\/wp\/v2\/users\/1"}],"replies":[{"embeddable":true,"href":"http:\/\/www.3emerive.fr\/index.php?rest_route=%2Fwp%2Fv2%2Fcomments&post=428"}],"version-history":[{"count":1,"href":"http:\/\/www.3emerive.fr\/index.php?rest_route=\/wp\/v2\/posts\/428\/revisions"}],"predecessor-version":[{"id":431,"href":"http:\/\/www.3emerive.fr\/index.php?rest_route=\/wp\/v2\/posts\/428\/revisions\/431"}],"wp:attachment":[{"href":"http:\/\/www.3emerive.fr\/index.php?rest_route=%2Fwp%2Fv2%2Fmedia&parent=428"}],"wp:term":[{"taxonomy":"category","embeddable":true,"href":"http:\/\/www.3emerive.fr\/index.php?rest_route=%2Fwp%2Fv2%2Fcategories&post=428"},{"taxonomy":"post_tag","embeddable":true,"href":"http:\/\/www.3emerive.fr\/index.php?rest_route=%2Fwp%2Fv2%2Ftags&post=428"}],"curies":[{"name":"wp","href":"https:\/\/api.w.org\/{rel}","templated":true}]}}