{"id":426,"date":"2023-01-24T14:46:26","date_gmt":"2023-01-24T13:46:26","guid":{"rendered":"http:\/\/www.3emerive.fr\/?p=426"},"modified":"2023-01-24T14:46:28","modified_gmt":"2023-01-24T13:46:28","slug":"agora-culturelle","status":"publish","type":"post","link":"http:\/\/www.3emerive.fr\/?p=426","title":{"rendered":"Agora Culturelle"},"content":{"rendered":"\n<p data-block-type=\"core\"><strong>Vendredi 16 avril \u00e0 19 h &#8211; en Visio<\/strong><\/p>\n\n\n\n<p data-block-type=\"core\">Bonjour,<\/p>\n\n\n\n<p data-block-type=\"core\">Voici l\u2019invitation \u00e0 l\u2019Agora culturel du vendredi 16 avril 2021 \u00e0 19 h.<\/p>\n\n\n\n<p data-block-type=\"core\">Une&nbsp;soir\u00e9e&nbsp;consacr\u00e9e \u00e0 l\u2019Art qui a pour but de continuer \u00e0 maintenir des liens dans le contexte difficile que nous vivons actuellement&nbsp;<\/p>\n\n\n\n<p data-block-type=\"core\">Vous pouvez, vous aussi inviter des personnes de votre entourage qui sont int\u00e9ress\u00e9es.<\/p>\n\n\n\n<p data-block-type=\"core\">Cette invitation a \u00e9t\u00e9 \u00e9galement envoy\u00e9e aux membres de l\u2019Union des \u00e9crivains Vosgiens.<\/p>\n\n\n\n<p data-block-type=\"core\">\u00c0 bient\u00f4t<\/p>\n\n\n\n<p data-block-type=\"core\">Association&nbsp;\u00ab&nbsp;Ralentir Pour Vivre&nbsp;\u00bb<\/p>\n\n\n\n<p data-block-type=\"core\">Catherine&nbsp;<\/p>\n\n\n\n<p data-block-type=\"core\">L\u2019Association \u00ab Ralentir Pour Vivre\u201d vous invite \u00e0 une r\u00e9union Zoom planifi\u00e9e.<\/p>\n\n\n\n<p data-block-type=\"core\">Sujet : AGORA CULTUREL&nbsp;<\/p>\n\n\n\n<p data-block-type=\"core\">Heure : 16 avr. 2021 07:00 PM Paris<\/p>\n\n\n\n<p data-block-type=\"core\">Participer \u00e0 la r\u00e9union Zoom<\/p>\n\n\n\n<p data-block-type=\"core\"><a href=\"https:\/\/us02web.zoom.us\/j\/84409406265?pwd=ajNlU2VIcFpPNGI1VDd0aDVmMXZiUT09\">https:\/\/us02web.zoom.us\/j\/84409406265?pwd=ajNlU2VIcFpPNGI1VDd0aDVmMXZiUT09<\/a><\/p>\n\n\n\n<p data-block-type=\"core\">ID de r\u00e9union : 844 0940 6265<\/p>\n\n\n\n<p data-block-type=\"core\">Code secret : 910542<\/p>\n","protected":false},"excerpt":{"rendered":"<p>Vendredi 16 avril \u00e0 19 h &#8211; en Visio Bonjour, Voici l\u2019invitation \u00e0 l\u2019Agora culturel du vendredi 16 avril 2021 \u00e0 19 h. Une&nbsp;soir\u00e9e&nbsp;consacr\u00e9e \u00e0 l\u2019Art qui a pour but de continuer \u00e0 maintenir des liens dans le contexte difficile que nous vivons actuellement&nbsp; Vous pouvez, vous aussi inviter des personnes de votre entourage qui [&hellip;]<\/p>\n","protected":false},"author":1,"featured_media":0,"comment_status":"open","ping_status":"open","sticky":false,"template":"","format":"standard","meta":{"_themeisle_gutenberg_block_has_review":false,"_jetpack_memberships_contains_paid_content":false,"footnotes":""},"categories":[11,4],"tags":[],"class_list":["post-426","post","type-post","status-publish","format-standard","hentry","category-11","category-archives"],"blocksy_meta":{"styles_descriptor":{"styles":{"desktop":"","tablet":"","mobile":""},"google_fonts":[],"version":6}},"jetpack_featured_media_url":"","jetpack_sharing_enabled":true,"_links":{"self":[{"href":"http:\/\/www.3emerive.fr\/index.php?rest_route=\/wp\/v2\/posts\/426","targetHints":{"allow":["GET"]}}],"collection":[{"href":"http:\/\/www.3emerive.fr\/index.php?rest_route=\/wp\/v2\/posts"}],"about":[{"href":"http:\/\/www.3emerive.fr\/index.php?rest_route=\/wp\/v2\/types\/post"}],"author":[{"embeddable":true,"href":"http:\/\/www.3emerive.fr\/index.php?rest_route=\/wp\/v2\/users\/1"}],"replies":[{"embeddable":true,"href":"http:\/\/www.3emerive.fr\/index.php?rest_route=%2Fwp%2Fv2%2Fcomments&post=426"}],"version-history":[{"count":1,"href":"http:\/\/www.3emerive.fr\/index.php?rest_route=\/wp\/v2\/posts\/426\/revisions"}],"predecessor-version":[{"id":427,"href":"http:\/\/www.3emerive.fr\/index.php?rest_route=\/wp\/v2\/posts\/426\/revisions\/427"}],"wp:attachment":[{"href":"http:\/\/www.3emerive.fr\/index.php?rest_route=%2Fwp%2Fv2%2Fmedia&parent=426"}],"wp:term":[{"taxonomy":"category","embeddable":true,"href":"http:\/\/www.3emerive.fr\/index.php?rest_route=%2Fwp%2Fv2%2Fcategories&post=426"},{"taxonomy":"post_tag","embeddable":true,"href":"http:\/\/www.3emerive.fr\/index.php?rest_route=%2Fwp%2Fv2%2Ftags&post=426"}],"curies":[{"name":"wp","href":"https:\/\/api.w.org\/{rel}","templated":true}]}}