{"id":419,"date":"2023-01-24T14:44:53","date_gmt":"2023-01-24T13:44:53","guid":{"rendered":"http:\/\/www.3emerive.fr\/?p=419"},"modified":"2023-01-24T14:44:54","modified_gmt":"2023-01-24T13:44:54","slug":"appel-a-generosite","status":"publish","type":"post","link":"http:\/\/www.3emerive.fr\/?p=419","title":{"rendered":"Appel \u00e0 g\u00e9n\u00e9rosit\u00e9"},"content":{"rendered":"\n<p data-block-type=\"core\"><strong>Merci \u00e0 toutes et tous !<\/strong><\/p>\n\n\n\n<p data-block-type=\"core\">Vous suivez de pr\u00e8s <strong>3\u00e8me Rive<\/strong> caf\u00e9 associatif, et nous vous en remercions.<\/p>\n\n\n\n<p data-block-type=\"core\">Gr\u00e2ce \u00e0 vous, la notori\u00e9t\u00e9 de 3\u00e8me Rive s\u2019agrandit.<\/p>\n\n\n\n<p data-block-type=\"core\">Derri\u00e8re le concept de caf\u00e9 associatif,<\/p>\n\n\n\n<p data-block-type=\"core\">on retrouve l\u2019id\u00e9e d\u2019une aventure collective d\u2019int\u00e9r\u00eat g\u00e9n\u00e9ral.<\/p>\n\n\n\n<p data-block-type=\"core\">Un caf\u00e9 associatif, c\u2019est autant un lieu de rencontre et de convivialit\u00e9 qu\u2019un endroit o\u00f9 faire \u00e9merger des initiatives et mener des projets. C\u2019est un lieu de croisement entre associations et citoyen-ne-s pour avancer, proposer, agir. C\u2019est le cadre id\u00e9al pour mettre en pratique des principes d\u2019implication, d\u2019autonomie, de faire soi-m\u00eame et ensemble.<\/p>\n\n\n\n<p data-block-type=\"core\"><em>Aujourd\u2019hui, 3\u00e8me Rive a plus que jamais besoin d\u2019un coup de pouce,<\/em><\/p>\n\n\n\n<p data-block-type=\"core\"><em>plusieurs possibilit\u00e9s s\u2019offrent \u00e0 chacun-e de vous pour aider 3\u00e8me Rive \u00e0 continuer cette belle aventure.<\/em><\/p>\n\n\n\n<p data-block-type=\"core\">&#8211; <strong>Adh\u00e9rer<\/strong> ou <strong>renouveler<\/strong> votre adh\u00e9sion \u00e0 3\u00e8me Rive.<\/p>\n\n\n\n<p data-block-type=\"core\">Les montants de cotisations (ann\u00e9e civile) n\u2019ont pas chang\u00e9 :<\/p>\n\n\n\n<p data-block-type=\"core\">Le but \u00e9tant que toutes et tous puissent soutenir 3\u00e8me rive.<\/p>\n\n\n\n<p data-block-type=\"core\">&#8211; Pour une personne seule&nbsp;: prix libre \u00e0 partir de 5,00 \u20ac<\/p>\n\n\n\n<p data-block-type=\"core\">&#8211; Pour l\u2019ensemble du foyer (adultes et enfants de moins de 16 ans)&nbsp;: prix libre \u00e0 partir de 10,00 \u20ac<\/p>\n\n\n\n<p data-block-type=\"core\">&#8211; Pour une association : 30,00 \u20ac<\/p>\n\n\n\n<p data-block-type=\"core\">\u2192 <a href=\"https:\/\/nuage.epinal-en-transition.fr\/index.php\/s\/DoG3MG1PuVhm6A8\">Adh\u00e9sion papier<\/a> citoyen-e \u2013&gt; \u2192 <a href=\"https:\/\/nuage.epinal-en-transition.fr\/index.php\/s\/1AhM8LErnKJp35y\">Adh\u00e9sion papier<\/a> association<\/p>\n\n\n\n<p data-block-type=\"core\">\u2192 <a href=\"https:\/\/www.helloasso.com\/associations\/3eme-rive-cafe-associatif\/adhesions\/adhesions-cotisations-2021\">Adh\u00e9sion en ligne avec HelloAsso<\/a><\/p>\n\n\n\n<p data-block-type=\"core\">PS : au moment du r\u00e9capitulatif de votre paiement, le site vous propose une contribution au fonctionnement d\u2019HelloAsso, si vous souhaitez ne rien donner, cliquer sur \u00ab&nbsp;modifier&nbsp;\u00bb, puis cocher la case \u00ab&nbsp;je ne souhaite pas soutenir HelloAsso&nbsp;\u00bb.<\/p>\n\n\n\n<p data-block-type=\"core\">&#8211; Offrir un <strong>don<\/strong> ponctuel (\u00e0 n\u2019importe quel moment de l\u2019ann\u00e9e).<\/p>\n\n\n\n<p data-block-type=\"core\">&#8211; Vous <strong>investir,<\/strong> en fonction de vos possibilit\u00e9s en temps, en fonction de vos comp\u00e9tences,<\/p>\n\n\n\n<p data-block-type=\"core\">ponctuellement ou sur un sujet \u00e0 plus long terme.<\/p>\n\n\n\n<p data-block-type=\"core\">3\u00e8me Rive a besoin de chacun-e.<\/p>\n\n\n\n<p data-block-type=\"core\">&#8211; <strong>Proposer une animation<\/strong>&nbsp;:<\/p>\n\n\n\n<p data-block-type=\"core\">Toutes les id\u00e9es sont bonnes (dans les limites des statuts) pour <strong>animer et faire vivre 3\u00e8me Rive<\/strong>.<\/p>\n\n\n\n<p data-block-type=\"core\">N\u2019h\u00e9sitez pas \u00e0 faire marcher votre imagination et \u00e0 proposer vos id\u00e9es !<\/p>\n\n\n\n<p data-block-type=\"core\">\u2192 comme vous vous en doutez, nos animations sont actuellement suspendues,<\/p>\n\n\n\n<p data-block-type=\"core\">mais rien n\u2019emp\u00eache d\u2019y penser et de faire des projets.<\/p>\n\n\n\n<p data-block-type=\"core\">&#8211; <strong>En parler autour de vous<\/strong>, dans vos r\u00e9seaux priv\u00e9s, associatifs, \u2026<\/p>\n\n\n\n<p data-block-type=\"core\">&#8211; <strong>Participer<\/strong><\/p>\n\n\n\n<p data-block-type=\"core\">\\ \u2192 Ce sont les moyens de faire vivre 3\u00e8me Rive.<\/p>\n\n\n\n<p data-block-type=\"core\">D\u2019autre part, avec la <strong>fermeture de 3\u00e8me Rive<\/strong> li\u00e9e \u00e0 la crise sanitaire <strong>depuis fin octobre 2020<\/strong> (d\u00e9j\u00e0 3 mois), vous pouvez comprendre ais\u00e9ment que <strong>la situation financi\u00e8re de 3\u00e8me Rive est mise \u00e0 mal, nos r\u00e9serves fondent<\/strong> (des charges \u00e0 payer, et tr\u00e8s peu de rentr\u00e9es).<\/p>\n\n\n\n<p data-block-type=\"core\">Combien de temps cela va-t-il durer&nbsp;? Pour l\u2019instant, il est impossible de r\u00e9pondre.<\/p>\n\n\n\n<p data-block-type=\"core\">Nos r\u00e9serves financi\u00e8res nous permettent encore de pouvoir payer nos charges (chauffage, eau, \u00e9lectricit\u00e9, assurance, \u2026) pendant environ 3 mois.<\/p>\n\n\n\n<p data-block-type=\"core\">Au moment de la r\u00e9ouverture (dans combien de temps ?), nous aurons besoin de liquidit\u00e9s pour faire repartir nos activit\u00e9s et am\u00e9liorer les locaux pour vous accueillir.<\/p>\n\n\n\n<p data-block-type=\"core\"><strong>Nous faisons appel aujourd\u2019hui \u00e0 votre g\u00e9n\u00e9rosit\u00e9 en vous proposant d\u2019aider 3\u00e8me Rive par des dons r\u00e9guliers de votre part, (adh\u00e9rent ou non), selon vos souhaits et vos possibilit\u00e9s.<\/strong><\/p>\n\n\n\n<p data-block-type=\"core\">\u2192Voir document ci-apr\u00e8s <a href=\"https:\/\/nuage.epinal-en-transition.fr\/index.php\/s\/Fm7qNJhf8qCtf6M\">doc engagement (.odt)<\/a> ou <a href=\"https:\/\/nuage.epinal-en-transition.fr\/index.php\/s\/cbKK3Pq2KHRYyUX\">doc engagement (.pdf)<\/a><\/p>\n\n\n\n<p data-block-type=\"core\"><strong>Si vous souhaitez participer \u00e0 cet \u00e9lan de g\u00e9n\u00e9rosit\u00e9,<\/strong><\/p>\n\n\n\n<p data-block-type=\"core\"><strong>merci de nous renvoyer ce document compl\u00e9t\u00e9 et sign\u00e9<\/strong><\/p>\n\n\n\n<p data-block-type=\"core\">&#8211; par retour de mail<\/p>\n\n\n\n<p data-block-type=\"core\">&#8211; ou par courrier (3\u00e8me Rive \u2013 44 bis chemin des Princes \u2013 88000 \u00c9pinal (tr\u00e9sori\u00e8re))<\/p>\n\n\n\n<p data-block-type=\"core\">Soyez certain-e que le bilan financier vous sera communiqu\u00e9 comme chaque ann\u00e9e, \u00e0 la prochaine assembl\u00e9e g\u00e9n\u00e9rale.<\/p>\n\n\n\n<p data-block-type=\"core\"><strong>Merciii&nbsp;!<\/strong><\/p>\n\n\n\n<p data-block-type=\"core\">&#8211; \u00c0 consulter<\/p>\n\n\n\n<p data-block-type=\"core\">&#8211; notre <a href=\"https:\/\/www.3eme-rive.org\/\">Site<\/a><\/p>\n\n\n\n<p data-block-type=\"core\">&#8211; notre page <a href=\"https:\/\/www.facebook.com\/cafeasso\">Facebook<\/a><\/p>\n\n\n\n<p data-block-type=\"core\">&#8211; Nous contacter \u2192 <a href=\"mailto:contact@3eme-rive.org\">contact@3eme-rive.org<\/a><\/p>\n\n\n\n<p data-block-type=\"core\">PS&nbsp;: Chaque membre du groupe projet reste disponible pour plus de renseignements.<\/p>\n\n\n\n<p data-block-type=\"core\">N\u2019h\u00e9sitez pas \u00e0 partager.<\/p>\n\n\n\n<p data-block-type=\"core\">Et merci pour votre soutien !<\/p>\n\n\n\n<p data-block-type=\"core\">\u00c0 tr\u00e8s bient\u00f4t<\/p>\n\n\n\n<p data-block-type=\"core\">Bien amicalement.<\/p>\n","protected":false},"excerpt":{"rendered":"<p>Merci \u00e0 toutes et tous ! Vous suivez de pr\u00e8s 3\u00e8me Rive caf\u00e9 associatif, et nous vous en remercions. Gr\u00e2ce \u00e0 vous, la notori\u00e9t\u00e9 de 3\u00e8me Rive s\u2019agrandit. Derri\u00e8re le concept de caf\u00e9 associatif, on retrouve l\u2019id\u00e9e d\u2019une aventure collective d\u2019int\u00e9r\u00eat g\u00e9n\u00e9ral. Un caf\u00e9 associatif, c\u2019est autant un lieu de rencontre et de convivialit\u00e9 qu\u2019un [&hellip;]<\/p>\n","protected":false},"author":1,"featured_media":0,"comment_status":"open","ping_status":"open","sticky":false,"template":"","format":"standard","meta":{"_themeisle_gutenberg_block_has_review":false,"_jetpack_memberships_contains_paid_content":false,"footnotes":""},"categories":[11,4],"tags":[],"class_list":["post-419","post","type-post","status-publish","format-standard","hentry","category-11","category-archives"],"blocksy_meta":{"styles_descriptor":{"styles":{"desktop":"","tablet":"","mobile":""},"google_fonts":[],"version":6}},"jetpack_featured_media_url":"","jetpack_sharing_enabled":true,"_links":{"self":[{"href":"http:\/\/www.3emerive.fr\/index.php?rest_route=\/wp\/v2\/posts\/419","targetHints":{"allow":["GET"]}}],"collection":[{"href":"http:\/\/www.3emerive.fr\/index.php?rest_route=\/wp\/v2\/posts"}],"about":[{"href":"http:\/\/www.3emerive.fr\/index.php?rest_route=\/wp\/v2\/types\/post"}],"author":[{"embeddable":true,"href":"http:\/\/www.3emerive.fr\/index.php?rest_route=\/wp\/v2\/users\/1"}],"replies":[{"embeddable":true,"href":"http:\/\/www.3emerive.fr\/index.php?rest_route=%2Fwp%2Fv2%2Fcomments&post=419"}],"version-history":[{"count":1,"href":"http:\/\/www.3emerive.fr\/index.php?rest_route=\/wp\/v2\/posts\/419\/revisions"}],"predecessor-version":[{"id":423,"href":"http:\/\/www.3emerive.fr\/index.php?rest_route=\/wp\/v2\/posts\/419\/revisions\/423"}],"wp:attachment":[{"href":"http:\/\/www.3emerive.fr\/index.php?rest_route=%2Fwp%2Fv2%2Fmedia&parent=419"}],"wp:term":[{"taxonomy":"category","embeddable":true,"href":"http:\/\/www.3emerive.fr\/index.php?rest_route=%2Fwp%2Fv2%2Fcategories&post=419"},{"taxonomy":"post_tag","embeddable":true,"href":"http:\/\/www.3emerive.fr\/index.php?rest_route=%2Fwp%2Fv2%2Ftags&post=419"}],"curies":[{"name":"wp","href":"https:\/\/api.w.org\/{rel}","templated":true}]}}