{"id":406,"date":"2023-01-24T14:15:19","date_gmt":"2023-01-24T13:15:19","guid":{"rendered":"http:\/\/www.3emerive.fr\/?p=406"},"modified":"2023-01-24T14:15:21","modified_gmt":"2023-01-24T13:15:21","slug":"tour-du-monde-des-solidarites","status":"publish","type":"post","link":"http:\/\/www.3emerive.fr\/?p=406","title":{"rendered":"Tour du Monde des Solidarit\u00e9s"},"content":{"rendered":"\n<p data-block-type=\"core\"><strong>Les lundis de novembre en visio, par le CCFD Terre Solidaire<\/strong><\/p>\n\n\n\n<p data-block-type=\"core\">Profitons de ce 2\u00e8me confinement pour mieux conna\u00eetre les actions<\/p>\n\n\n\n<p data-block-type=\"core\">men\u00e9es par les partenaires du CCFD terre solidaire.<\/p>\n\n\n\n<p data-block-type=\"core\"><strong>Rendez-vous chaque lundi de novembre, de 16h00 \u00e0 17h30<\/strong><\/p>\n\n\n\n<p data-block-type=\"core\"><strong>pour une \u00e9tape en webinaire du Tour du Monde des Solidarit\u00e9s.<\/strong><\/p>\n\n\n\n<p data-block-type=\"core\">Lundi 09 novembre : Inde<\/p>\n\n\n\n<p data-block-type=\"core\">Lundi 16 novembre : M\u00e9so-Am\u00e9rique<\/p>\n\n\n\n<p data-block-type=\"core\">Lundi 23 novembre : Syrie<\/p>\n\n\n\n<p data-block-type=\"core\">Lundi 30 novembre : Migrations<\/p>\n\n\n\n<p data-block-type=\"core\"><strong>Chaque lundi, rendez-vous d\u00e8s 15h45 (pour un appareillage \u00e0 16h00)<\/strong><\/p>\n\n\n\n<p data-block-type=\"core\"><strong>\u00e0 cette adresse : <a href=\"https:\/\/zoom.us\/j\/92101055245\">https:\/\/zoom.us\/j\/92101055245<\/a><\/strong><\/p>\n\n\n\n<p data-block-type=\"core\">Le programme de chaque s\u00e9ance sera toujours le m\u00eame :<\/p>\n\n\n\n<p data-block-type=\"core\">Accueil et pr\u00e9sentation de l\u2019\u00e9tape du jour (10 min)<\/p>\n\n\n\n<p data-block-type=\"core\">\u00c9tape du Tour du Monde des Solidarit\u00e9s.<\/p>\n\n\n\n<p data-block-type=\"core\">Pour chaque pays, pr\u00e9sentation du contexte, de la strat\u00e9gie partenariale<\/p>\n\n\n\n<p data-block-type=\"core\">et des actions men\u00e9es par nos partenaires (20 \u00e0 25 min)<\/p>\n\n\n\n<p data-block-type=\"core\">\u00c9changes autour de cette pr\u00e9sentation (30 min)<\/p>\n\n\n\n<p data-block-type=\"core\">\u00c9changes autour des utilisations possibles de ces vid\u00e9os<\/p>\n\n\n\n<p data-block-type=\"core\">par les b\u00e9n\u00e9voles du CCFD &#8211; Terre Solidaire (10 min)<\/p>\n\n\n\n<p data-block-type=\"core\">Prochains rendez-vous et conclusion (5 min)<\/p>\n\n\n\n<p data-block-type=\"core\"><strong>Tout le monde est invit\u00e9 !<\/strong><\/p>\n","protected":false},"excerpt":{"rendered":"<p>Les lundis de novembre en visio, par le CCFD Terre Solidaire Profitons de ce 2\u00e8me confinement pour mieux conna\u00eetre les actions men\u00e9es par les partenaires du CCFD terre solidaire. Rendez-vous chaque lundi de novembre, de 16h00 \u00e0 17h30 pour une \u00e9tape en webinaire du Tour du Monde des Solidarit\u00e9s. Lundi 09 novembre : Inde Lundi [&hellip;]<\/p>\n","protected":false},"author":1,"featured_media":0,"comment_status":"open","ping_status":"open","sticky":false,"template":"","format":"standard","meta":{"_themeisle_gutenberg_block_has_review":false,"_jetpack_memberships_contains_paid_content":false,"footnotes":""},"categories":[10,4],"tags":[],"class_list":["post-406","post","type-post","status-publish","format-standard","hentry","category-10","category-archives"],"blocksy_meta":{"styles_descriptor":{"styles":{"desktop":"","tablet":"","mobile":""},"google_fonts":[],"version":6}},"jetpack_featured_media_url":"","jetpack_sharing_enabled":true,"_links":{"self":[{"href":"http:\/\/www.3emerive.fr\/index.php?rest_route=\/wp\/v2\/posts\/406","targetHints":{"allow":["GET"]}}],"collection":[{"href":"http:\/\/www.3emerive.fr\/index.php?rest_route=\/wp\/v2\/posts"}],"about":[{"href":"http:\/\/www.3emerive.fr\/index.php?rest_route=\/wp\/v2\/types\/post"}],"author":[{"embeddable":true,"href":"http:\/\/www.3emerive.fr\/index.php?rest_route=\/wp\/v2\/users\/1"}],"replies":[{"embeddable":true,"href":"http:\/\/www.3emerive.fr\/index.php?rest_route=%2Fwp%2Fv2%2Fcomments&post=406"}],"version-history":[{"count":1,"href":"http:\/\/www.3emerive.fr\/index.php?rest_route=\/wp\/v2\/posts\/406\/revisions"}],"predecessor-version":[{"id":407,"href":"http:\/\/www.3emerive.fr\/index.php?rest_route=\/wp\/v2\/posts\/406\/revisions\/407"}],"wp:attachment":[{"href":"http:\/\/www.3emerive.fr\/index.php?rest_route=%2Fwp%2Fv2%2Fmedia&parent=406"}],"wp:term":[{"taxonomy":"category","embeddable":true,"href":"http:\/\/www.3emerive.fr\/index.php?rest_route=%2Fwp%2Fv2%2Fcategories&post=406"},{"taxonomy":"post_tag","embeddable":true,"href":"http:\/\/www.3emerive.fr\/index.php?rest_route=%2Fwp%2Fv2%2Ftags&post=406"}],"curies":[{"name":"wp","href":"https:\/\/api.w.org\/{rel}","templated":true}]}}