{"id":401,"date":"2023-01-24T14:13:48","date_gmt":"2023-01-24T13:13:48","guid":{"rendered":"http:\/\/www.3emerive.fr\/?p=401"},"modified":"2023-01-24T14:13:50","modified_gmt":"2023-01-24T13:13:50","slug":"appel-a-bonnes-volontes-avant-fermeture-temporaire","status":"publish","type":"post","link":"http:\/\/www.3emerive.fr\/?p=401","title":{"rendered":"Appel \u00e0 bonnes volont\u00e9s avant fermeture temporaire"},"content":{"rendered":"\n<p data-block-type=\"core\">Nettoyage ce jeudi 29 octobre \u00e0 partir de 17h30<\/p>\n\n\n\n<p data-block-type=\"core\">Vous vous en doutez, le caf\u00e9 associatif ne coupera pas aux nouvelles mesures nationales annonc\u00e9es hier : les belles animations de ce vendredi et samedi n\u2019auront pas lieu, nous serons <strong>ferm\u00e9s d\u00e8s vendredi 30 octobre et \u00e0 minima jusqu\u2019au 1er d\u00e9cembre<\/strong>.<\/p>\n\n\n\n<p data-block-type=\"core\">Avant, nous lan\u00e7ons un <strong>appel \u00e0 bonnes volont\u00e9s ce soir jeudi 29 oct \u00e0 partir de 17h30, pour grand rangement et nettoyage du local<\/strong>. Merci d\u2019avance \u00e0 celles et ceux qui pourront \u00eatre pr\u00e9sents pour nous filer un coup de pattes dans cette t\u00e2che. Il nous reste \u00e9galement des fruits et l\u00e9gumes (pommes de terre, carottes, courges, blettes, tomates, pommes) : nous en ferons une soupe que nous partagerons ensemble ce soir, pour celles et ceux qui le souhaitent. Et donc si l\u2019un ou l\u2019autre d\u2019entre vous souhaite <strong>pr\u00e9parer la soupe<\/strong>, merci de nous en informer ! Il y a tout ce qu\u2019il faut au local.<\/p>\n\n\n\n<p data-block-type=\"core\">Par ailleurs nous souhaitons d\u00e9brancher notre frigo afin qu\u2019il ne tourne pas inutilement pendant notre absence. De ce fait, nous aurions besoin de quelqu\u2019un qui puisse <strong>nous pr\u00eater un espace dans son cong\u00e9lateur<\/strong> pour y stocker ce qu\u2019il y a dans le notre. Espace n\u00e9cessaire environ 60 x 30 x 40 cm . R\u00e9cup\u00e9ration de ces denr\u00e9es ce soir, \u00e0 partir de 17h30 et jusque vers 20h. Si vous \u00eates en capacit\u00e9 de nous d\u00e9panner, merci de vous faire conna\u00eetre par retour de mail \u00e0 cecile.courtois@yahoo.fr<\/p>\n\n\n\n<p data-block-type=\"core\">Nous vous tiendrons au courant des \u00e9volutions et de la date \u00e0 laquelle nous pourrons r\u00e9-ouvrir nos locaux.<\/p>\n\n\n\n<p data-block-type=\"core\">En attendant, portez-vous bien !<\/p>\n\n\n\n<p data-block-type=\"core\">C\u00e9cile pour 3\u00e8me Rive<\/p>\n","protected":false},"excerpt":{"rendered":"<p>Nettoyage ce jeudi 29 octobre \u00e0 partir de 17h30 Vous vous en doutez, le caf\u00e9 associatif ne coupera pas aux nouvelles mesures nationales annonc\u00e9es hier : les belles animations de ce vendredi et samedi n\u2019auront pas lieu, nous serons ferm\u00e9s d\u00e8s vendredi 30 octobre et \u00e0 minima jusqu\u2019au 1er d\u00e9cembre. Avant, nous lan\u00e7ons un appel [&hellip;]<\/p>\n","protected":false},"author":1,"featured_media":0,"comment_status":"open","ping_status":"open","sticky":false,"template":"","format":"standard","meta":{"_themeisle_gutenberg_block_has_review":false,"_jetpack_memberships_contains_paid_content":false,"footnotes":""},"categories":[10,4],"tags":[],"class_list":["post-401","post","type-post","status-publish","format-standard","hentry","category-10","category-archives"],"blocksy_meta":{"styles_descriptor":{"styles":{"desktop":"","tablet":"","mobile":""},"google_fonts":[],"version":6}},"jetpack_featured_media_url":"","jetpack_sharing_enabled":true,"_links":{"self":[{"href":"http:\/\/www.3emerive.fr\/index.php?rest_route=\/wp\/v2\/posts\/401","targetHints":{"allow":["GET"]}}],"collection":[{"href":"http:\/\/www.3emerive.fr\/index.php?rest_route=\/wp\/v2\/posts"}],"about":[{"href":"http:\/\/www.3emerive.fr\/index.php?rest_route=\/wp\/v2\/types\/post"}],"author":[{"embeddable":true,"href":"http:\/\/www.3emerive.fr\/index.php?rest_route=\/wp\/v2\/users\/1"}],"replies":[{"embeddable":true,"href":"http:\/\/www.3emerive.fr\/index.php?rest_route=%2Fwp%2Fv2%2Fcomments&post=401"}],"version-history":[{"count":1,"href":"http:\/\/www.3emerive.fr\/index.php?rest_route=\/wp\/v2\/posts\/401\/revisions"}],"predecessor-version":[{"id":402,"href":"http:\/\/www.3emerive.fr\/index.php?rest_route=\/wp\/v2\/posts\/401\/revisions\/402"}],"wp:attachment":[{"href":"http:\/\/www.3emerive.fr\/index.php?rest_route=%2Fwp%2Fv2%2Fmedia&parent=401"}],"wp:term":[{"taxonomy":"category","embeddable":true,"href":"http:\/\/www.3emerive.fr\/index.php?rest_route=%2Fwp%2Fv2%2Fcategories&post=401"},{"taxonomy":"post_tag","embeddable":true,"href":"http:\/\/www.3emerive.fr\/index.php?rest_route=%2Fwp%2Fv2%2Ftags&post=401"}],"curies":[{"name":"wp","href":"https:\/\/api.w.org\/{rel}","templated":true}]}}