{"id":389,"date":"2023-01-24T14:11:03","date_gmt":"2023-01-24T13:11:03","guid":{"rendered":"http:\/\/www.3emerive.fr\/?p=389"},"modified":"2023-01-24T14:11:05","modified_gmt":"2023-01-24T13:11:05","slug":"le-burn-out-cest-quoi","status":"publish","type":"post","link":"http:\/\/www.3emerive.fr\/?p=389","title":{"rendered":"Le Burn Out, c&rsquo;est quoi ?"},"content":{"rendered":"\n<p data-block-type=\"core\"><strong>Lundi 28 septembre &#8211; 18 h<\/strong><\/p>\n\n\n\n<p data-block-type=\"core\">Conf\u00e9rence sur la pr\u00e9vention du burn out.<\/p>\n\n\n\n<p data-block-type=\"core\">Tout public.<\/p>\n\n\n\n<p data-block-type=\"core\">Informations au : 07 88 07 25 71 Association Ralentir Pour Vivre Intervenante Catherine Spitz Licenci\u00e9e Formation d\u2019Adulte D\u2019apr\u00e8s une \u00e9tude r\u00e9alis\u00e9e par le Dr Armande Co\u00ebffic Psychiatre<\/p>\n","protected":false},"excerpt":{"rendered":"<p>Lundi 28 septembre &#8211; 18 h Conf\u00e9rence sur la pr\u00e9vention du burn out. Tout public. Informations au : 07 88 07 25 71 Association Ralentir Pour Vivre Intervenante Catherine Spitz Licenci\u00e9e Formation d\u2019Adulte D\u2019apr\u00e8s une \u00e9tude r\u00e9alis\u00e9e par le Dr Armande Co\u00ebffic Psychiatre<\/p>\n","protected":false},"author":1,"featured_media":0,"comment_status":"open","ping_status":"open","sticky":false,"template":"","format":"standard","meta":{"_themeisle_gutenberg_block_has_review":false,"_jetpack_memberships_contains_paid_content":false,"footnotes":""},"categories":[10,4],"tags":[],"class_list":["post-389","post","type-post","status-publish","format-standard","hentry","category-10","category-archives"],"blocksy_meta":{"styles_descriptor":{"styles":{"desktop":"","tablet":"","mobile":""},"google_fonts":[],"version":6}},"jetpack_featured_media_url":"","jetpack_sharing_enabled":true,"_links":{"self":[{"href":"http:\/\/www.3emerive.fr\/index.php?rest_route=\/wp\/v2\/posts\/389","targetHints":{"allow":["GET"]}}],"collection":[{"href":"http:\/\/www.3emerive.fr\/index.php?rest_route=\/wp\/v2\/posts"}],"about":[{"href":"http:\/\/www.3emerive.fr\/index.php?rest_route=\/wp\/v2\/types\/post"}],"author":[{"embeddable":true,"href":"http:\/\/www.3emerive.fr\/index.php?rest_route=\/wp\/v2\/users\/1"}],"replies":[{"embeddable":true,"href":"http:\/\/www.3emerive.fr\/index.php?rest_route=%2Fwp%2Fv2%2Fcomments&post=389"}],"version-history":[{"count":1,"href":"http:\/\/www.3emerive.fr\/index.php?rest_route=\/wp\/v2\/posts\/389\/revisions"}],"predecessor-version":[{"id":390,"href":"http:\/\/www.3emerive.fr\/index.php?rest_route=\/wp\/v2\/posts\/389\/revisions\/390"}],"wp:attachment":[{"href":"http:\/\/www.3emerive.fr\/index.php?rest_route=%2Fwp%2Fv2%2Fmedia&parent=389"}],"wp:term":[{"taxonomy":"category","embeddable":true,"href":"http:\/\/www.3emerive.fr\/index.php?rest_route=%2Fwp%2Fv2%2Fcategories&post=389"},{"taxonomy":"post_tag","embeddable":true,"href":"http:\/\/www.3emerive.fr\/index.php?rest_route=%2Fwp%2Fv2%2Ftags&post=389"}],"curies":[{"name":"wp","href":"https:\/\/api.w.org\/{rel}","templated":true}]}}