{"id":384,"date":"2023-01-24T14:09:44","date_gmt":"2023-01-24T13:09:44","guid":{"rendered":"http:\/\/www.3emerive.fr\/?p=384"},"modified":"2023-01-24T14:09:47","modified_gmt":"2023-01-24T13:09:47","slug":"expo-les-harkis-et-leur-famille","status":"publish","type":"post","link":"http:\/\/www.3emerive.fr\/?p=384","title":{"rendered":"Expo &#8211; Les Harkis et leur famille"},"content":{"rendered":"\n<p data-block-type=\"core\">Horaires de visite de l\u2019exposition : Lundi : 14h \u00e0 18h Mercredi : 14h \u00e0 18h Vendredi : 14h \u00e0 18h Samedi : 14h \u00e0 18H.<\/p>\n\n\n\n<p data-block-type=\"core\">Samedi 12 septembre 2020 \u00e0 partir de 14 h Informations G\u00e9n\u00e9rales sur la situation actuelle des Harkis et leurs enfants pr\u00e9sent\u00e9e par : Mr Mohamed DJAFOUR Pr\u00e9sident de L\u2019association G\u00e9n\u00e9rations Harkis<\/p>\n","protected":false},"excerpt":{"rendered":"<p>Horaires de visite de l\u2019exposition : Lundi : 14h \u00e0 18h Mercredi : 14h \u00e0 18h Vendredi : 14h \u00e0 18h Samedi : 14h \u00e0 18H. Samedi 12 septembre 2020 \u00e0 partir de 14 h Informations G\u00e9n\u00e9rales sur la situation actuelle des Harkis et leurs enfants pr\u00e9sent\u00e9e par : Mr Mohamed DJAFOUR Pr\u00e9sident de L\u2019association [&hellip;]<\/p>\n","protected":false},"author":1,"featured_media":0,"comment_status":"open","ping_status":"open","sticky":false,"template":"","format":"standard","meta":{"_themeisle_gutenberg_block_has_review":false,"_jetpack_memberships_contains_paid_content":false,"footnotes":""},"categories":[10,4],"tags":[],"class_list":["post-384","post","type-post","status-publish","format-standard","hentry","category-10","category-archives"],"blocksy_meta":{"styles_descriptor":{"styles":{"desktop":"","tablet":"","mobile":""},"google_fonts":[],"version":6}},"jetpack_featured_media_url":"","jetpack_sharing_enabled":true,"_links":{"self":[{"href":"http:\/\/www.3emerive.fr\/index.php?rest_route=\/wp\/v2\/posts\/384","targetHints":{"allow":["GET"]}}],"collection":[{"href":"http:\/\/www.3emerive.fr\/index.php?rest_route=\/wp\/v2\/posts"}],"about":[{"href":"http:\/\/www.3emerive.fr\/index.php?rest_route=\/wp\/v2\/types\/post"}],"author":[{"embeddable":true,"href":"http:\/\/www.3emerive.fr\/index.php?rest_route=\/wp\/v2\/users\/1"}],"replies":[{"embeddable":true,"href":"http:\/\/www.3emerive.fr\/index.php?rest_route=%2Fwp%2Fv2%2Fcomments&post=384"}],"version-history":[{"count":1,"href":"http:\/\/www.3emerive.fr\/index.php?rest_route=\/wp\/v2\/posts\/384\/revisions"}],"predecessor-version":[{"id":385,"href":"http:\/\/www.3emerive.fr\/index.php?rest_route=\/wp\/v2\/posts\/384\/revisions\/385"}],"wp:attachment":[{"href":"http:\/\/www.3emerive.fr\/index.php?rest_route=%2Fwp%2Fv2%2Fmedia&parent=384"}],"wp:term":[{"taxonomy":"category","embeddable":true,"href":"http:\/\/www.3emerive.fr\/index.php?rest_route=%2Fwp%2Fv2%2Fcategories&post=384"},{"taxonomy":"post_tag","embeddable":true,"href":"http:\/\/www.3emerive.fr\/index.php?rest_route=%2Fwp%2Fv2%2Ftags&post=384"}],"curies":[{"name":"wp","href":"https:\/\/api.w.org\/{rel}","templated":true}]}}