{"id":382,"date":"2023-01-24T14:09:08","date_gmt":"2023-01-24T13:09:08","guid":{"rendered":"http:\/\/www.3emerive.fr\/?p=382"},"modified":"2023-01-24T14:09:11","modified_gmt":"2023-01-24T13:09:11","slug":"assemblee-generale-2","status":"publish","type":"post","link":"http:\/\/www.3emerive.fr\/?p=382","title":{"rendered":"Assembl\u00e9e G\u00e9n\u00e9rale"},"content":{"rendered":"\n<p data-block-type=\"core\"><strong>Samedi 29 ao\u00fbt 2020<\/strong><\/p>\n\n\n\n<p data-block-type=\"core\">3\u00e8me Rive, caf\u00e9 associatif d\u2019\u00c9pinal, a l\u2019honneur de vous inviter \u00e0 son<br><br><strong>ASSEMBL\u00c9E G\u00c9N\u00c9RALE<\/strong><br>le <strong>samedi 29 ao\u00fbt 2020<\/strong> \u00e0 partir de <strong>15h<\/strong><em><br>15, rue du Mar\u00e9chal Lyautey \u2013 Tiers-lieu \u201cAilleurs\u201d \u2013 88000 \u00c9PINAL<\/em><\/p>\n\n\n\n<p data-block-type=\"core\">Pour commencer, un grand merci \u00e0 vous de nous soutenir et de manifester votre int\u00e9r\u00eat \u00e0 3\u00e8me Rive !<\/p>\n\n\n\n<p data-block-type=\"core\"><strong>Ordre du jour :<\/strong><\/p>\n\n\n\n<p data-block-type=\"core\">15h : Accueil<br>15h30 : Ouverture de l\u2019Assembl\u00e9e G\u00e9n\u00e9rale :\\<\/p>\n\n\n\n<ul class=\"wp-block-list\" data-block-type=\"core\">\n<li data-block-type=\"core\">Rapport moral\\<\/li>\n\n\n\n<li data-block-type=\"core\">Rapport d\u2019activit\u00e9<\/li>\n<\/ul>\n\n\n\n<p data-block-type=\"core\">&#8211; Rapport financier<\/p>\n\n\n\n<p data-block-type=\"core\">&#8211; Valorisation du b\u00e9n\u00e9volat<\/p>\n\n\n\n<p data-block-type=\"core\">&#8211; Orientations \/ perspectives\\<\/p>\n\n\n\n<ul class=\"wp-block-list\" data-block-type=\"core\">\n<li data-block-type=\"core\">Cotisations 2020\\<\/li>\n\n\n\n<li data-block-type=\"core\">Votes (*)\\<\/li>\n\n\n\n<li data-block-type=\"core\">Pr\u00e9sentation et \u00e9lection des membres au Conseil d\u2019Administration (*) (**)\\<\/li>\n\n\n\n<li data-block-type=\"core\">Temps de questions-r\u00e9ponses<br>17h : Cl\u00f4ture de l\u2019Assembl\u00e9e G\u00e9n\u00e9rale et verre de l\u2019amiti\u00e9<\/li>\n<\/ul>\n\n\n\n<p data-block-type=\"core\"><em>(<\/em>) Adh\u00e9rents \u00e0 jour de cotisation.<br>(**) Un bout d\u2019aventure avec 3\u00e8me Rive, \u00e7a vous dit ? (cf. ci-dessous)*<\/p>\n\n\n\n<p data-block-type=\"core\"><strong>Candidatures au Conseil d\u2019Administration :<\/strong><\/p>\n\n\n\n<p data-block-type=\"core\">Envie, en tant que citoyen, de contribuer activement \u00e0 l\u2019association en devenant membre du Conseil d\u2019Administration pour un an ?<\/p>\n\n\n\n<p data-block-type=\"core\">N\u2019h\u00e9sitez pas \u00e0 prendre contact avec nous d\u00e8s maintenant, c\u2019est le moment ! D\u00e9posez votre candidature en pr\u00e9sentant vos motivations par mail <strong>au plus tard pour le mercredi 26 ao\u00fbt 2020<\/strong>, aupr\u00e8s de Mich\u00e8le : <a href=\"mailto:lagrange.michele@wanadoo.fr\">lagrange.michele@wanadoo.fr<\/a><\/p>\n\n\n\n<p data-block-type=\"core\"><em>Petit pense b\u00eate :<br><strong>Conseil d\u2019administration<\/strong> : Ensemble des personnes \u00e9lues lors de l\u2019Assembl\u00e9e G\u00e9n\u00e9rale au Conseil d\u2019Administration. Organe l\u00e9gitime des orientations, strat\u00e9gies, options que va prendre l\u2019association. Valide, discute ou invalide les d\u00e9cisions du Bureau. Travail d\u2019\u00e9coute vis-\u00e0-vis des b\u00e9n\u00e9voles ; relais ; retransmission de ce qui se passe. Les membres du Conseil d\u2019Administration s\u2019assurent de la mise en \u0153uvre des d\u00e9cisions prises, et du bon fonctionnement de 3\u00e8me Rive. ils ont pour but de g\u00e9rer la gestion courante et l\u2019administration.<\/em><\/p>\n\n\n\n<p data-block-type=\"core\"><em><strong>Bureau<\/strong> : Ensemble des personnes \u00e9lues lors de la premi\u00e8re r\u00e9union annuelle du nouveau Conseil d\u2019Administration (Pr\u00e9sident, Tr\u00e9sorier, Secr\u00e9taire, et \u00e9ventuels adjoints\u2026). R\u00e9flexions sur les strat\u00e9gies visant \u00e0 d\u00e9velopper l\u2019association toute l\u2019ann\u00e9e. Se r\u00e9unit au moins une fois par trimestre.<br><strong>Conditions<\/strong> :<\/em><\/p>\n\n\n\n<p data-block-type=\"core\"><em>\u00catre \u00e0 jour de cotisation (2020) et avoir 6 mois d\u2019anciennet\u00e9 en tant qu\u2019adh\u00e9rent<\/em>.<\/p>\n\n\n\n<p data-block-type=\"core\"><em>( \u2192 <strong>10 si\u00e8ges citoyen-e-s<\/strong> + 5 si\u00e8ges personnes morales)<\/em><\/p>\n\n\n\n<p data-block-type=\"core\"><strong>Absence :<\/strong><\/p>\n\n\n\n<p data-block-type=\"core\">Vous ne pouvez pas \u00eatre pr\u00e9sent le 29 ao\u00fbt ?<\/p>\n\n\n\n<p data-block-type=\"core\">N\u2019h\u00e9sitez pas \u00e0 le signaler aupr\u00e8s de notre association, et le cas \u00e9ch\u00e9ant \u00e0 donner votre pouvoir \u00e0 un autre adh\u00e9rent de 3\u00e8me Rive (<em>Note : pas plus de deux pouvoirs par adh\u00e9rent pr\u00e9sent en plus de la voix<\/em> de celui-ci).<\/p>\n\n\n\n<p data-block-type=\"core\"><strong>Adh\u00e9sions 2020 :<\/strong><\/p>\n\n\n\n<p data-block-type=\"core\">Pour ceux qui n\u2019auraient pas encore <strong>renouvel\u00e9 leur adh\u00e9sion<\/strong> \u00e0 notre association <strong>pour 2020<\/strong>, pensez \u00e0 le faire <strong>d\u00e8s maintenant !<\/strong> C\u2019est gr\u00e2ce \u00e0 votre soutien que nous pouvons fonctionner.<br>Vous pouvez r\u00e9gler votre cotisation en liquide, par ch\u00e8que (\u00e0 l\u2019ordre de 3\u00e8me Rive) ou via le site HelloAsso (en cliquant le lien <a href=\"https:\/\/www.helloasso.com\/associations\/3eme-rive-cafe-associatif\/adhesions\/adhesions-2020\">Adh\u00e9sions et dons en ligne<\/a>)<\/p>\n\n\n\n<p data-block-type=\"core\"><strong><em>Rappel :<\/em><\/strong>\\<\/p>\n\n\n\n<ul class=\"wp-block-list\" data-block-type=\"core\">\n<li data-block-type=\"core\">Citoyen.e seul.e : \u00e0 partir de 5 \u20ac<br>\u00e0 partir de 50 \u20ac = membre bienfaiteur<br>Citoyen.e famille : \u00e0 partir de 10 \u20ac<br>\u00e0 partir de 50 \u20ac = membre bienfaiteur<\/li>\n<\/ul>\n\n\n\n<p data-block-type=\"core\">Asso \/ Structure : \u00e0 partir de 30 \u20ac<br>\u00e0 partir de 100 \u20ac = membre bienfaiteur<strong><br>Merci pour votre soutien !<\/strong><\/p>\n\n\n\n<p data-block-type=\"core\">Nous restons \u00e0 votre disposition pour toutes questions avant l\u2019assembl\u00e9e g\u00e9n\u00e9rale.<\/p>\n\n\n\n<p data-block-type=\"core\">N\u2019h\u00e9sitez pas \u00e0 transf\u00e9rer largement ce message !<\/p>\n\n\n\n<p data-block-type=\"core\">Merci et \u00e0 bient\u00f4t !<\/p>\n","protected":false},"excerpt":{"rendered":"<p>Samedi 29 ao\u00fbt 2020 3\u00e8me Rive, caf\u00e9 associatif d\u2019\u00c9pinal, a l\u2019honneur de vous inviter \u00e0 son ASSEMBL\u00c9E G\u00c9N\u00c9RALEle samedi 29 ao\u00fbt 2020 \u00e0 partir de 15h15, rue du Mar\u00e9chal Lyautey \u2013 Tiers-lieu \u201cAilleurs\u201d \u2013 88000 \u00c9PINAL Pour commencer, un grand merci \u00e0 vous de nous soutenir et de manifester votre int\u00e9r\u00eat \u00e0 3\u00e8me Rive ! [&hellip;]<\/p>\n","protected":false},"author":1,"featured_media":0,"comment_status":"open","ping_status":"open","sticky":false,"template":"","format":"standard","meta":{"_themeisle_gutenberg_block_has_review":false,"_jetpack_memberships_contains_paid_content":false,"footnotes":""},"categories":[10,4],"tags":[],"class_list":["post-382","post","type-post","status-publish","format-standard","hentry","category-10","category-archives"],"blocksy_meta":{"styles_descriptor":{"styles":{"desktop":"","tablet":"","mobile":""},"google_fonts":[],"version":6}},"jetpack_featured_media_url":"","jetpack_sharing_enabled":true,"_links":{"self":[{"href":"http:\/\/www.3emerive.fr\/index.php?rest_route=\/wp\/v2\/posts\/382","targetHints":{"allow":["GET"]}}],"collection":[{"href":"http:\/\/www.3emerive.fr\/index.php?rest_route=\/wp\/v2\/posts"}],"about":[{"href":"http:\/\/www.3emerive.fr\/index.php?rest_route=\/wp\/v2\/types\/post"}],"author":[{"embeddable":true,"href":"http:\/\/www.3emerive.fr\/index.php?rest_route=\/wp\/v2\/users\/1"}],"replies":[{"embeddable":true,"href":"http:\/\/www.3emerive.fr\/index.php?rest_route=%2Fwp%2Fv2%2Fcomments&post=382"}],"version-history":[{"count":1,"href":"http:\/\/www.3emerive.fr\/index.php?rest_route=\/wp\/v2\/posts\/382\/revisions"}],"predecessor-version":[{"id":383,"href":"http:\/\/www.3emerive.fr\/index.php?rest_route=\/wp\/v2\/posts\/382\/revisions\/383"}],"wp:attachment":[{"href":"http:\/\/www.3emerive.fr\/index.php?rest_route=%2Fwp%2Fv2%2Fmedia&parent=382"}],"wp:term":[{"taxonomy":"category","embeddable":true,"href":"http:\/\/www.3emerive.fr\/index.php?rest_route=%2Fwp%2Fv2%2Fcategories&post=382"},{"taxonomy":"post_tag","embeddable":true,"href":"http:\/\/www.3emerive.fr\/index.php?rest_route=%2Fwp%2Fv2%2Ftags&post=382"}],"curies":[{"name":"wp","href":"https:\/\/api.w.org\/{rel}","templated":true}]}}