{"id":375,"date":"2023-01-24T14:06:48","date_gmt":"2023-01-24T13:06:48","guid":{"rendered":"http:\/\/www.3emerive.fr\/?p=375"},"modified":"2023-01-24T14:06:49","modified_gmt":"2023-01-24T13:06:49","slug":"venez-voir-ailleurs-cest-ouvert","status":"publish","type":"post","link":"http:\/\/www.3emerive.fr\/?p=375","title":{"rendered":"Venez voir \u00ab\u00a0ailleurs\u00a0\u00bb c&rsquo;est ouvert"},"content":{"rendered":"\n<p data-block-type=\"core\">La nouvelle tant attendue est enfin arriv\u00e9e :<\/p>\n\n\n\n<p data-block-type=\"core\">ce lieu tout nouveau, nomm\u00e9 <strong>\u00ab AILLEURS \u00bb est officiellement ouvert<\/strong> !<\/p>\n\n\n\n<p data-block-type=\"core\">Hip hip hip hourra !!!<\/p>\n\n\n\n<p data-block-type=\"core\"><strong>Les locaux du 15 rue Mar\u00e9chal Lyautey sont d\u00e9sormais \u00e0 votre disposition.<\/strong><\/p>\n\n\n\n<p data-block-type=\"core\">Petit rappel, le collectif en charge de cog\u00e9rer et coanimer ce lieu est compos\u00e9 de<\/p>\n\n\n\n<p data-block-type=\"core\">3\u00e8me Rive caf\u00e9 associatif, \u00c9pinal en Transition, CCFD terre solidaire, UFOLEP le sport pour tous, et les Petits D\u00e9brouillards Grand Est.<\/p>\n\n\n\n<p data-block-type=\"core\">Bien entendu, le but est de recevoir toute association, structure, citoyen-ne, ayant envie d\u2019animer ce lieu, de le faire bouger, de donner quelques heures de son temps, de le faire vivre, de s\u2019y investir.<\/p>\n\n\n\n<p data-block-type=\"core\">La raison d\u2019\u00eatre de 3\u00e8me Rive et de ce lieu tout entier, est de pouvoir offrir \u00e0 chacun-e des animations, ateliers, conf\u00e9rences, couaroges, etc \u2026 (gratuits ou au chapeau).<\/p>\n\n\n\n<p data-block-type=\"core\">\u00c0 vos id\u00e9es, \u00e0 vos propositions.<\/p>\n\n\n\n<p data-block-type=\"core\"><strong>Et bien s\u00fbr, LA grande question !<\/strong><\/p>\n\n\n\n<p data-block-type=\"core\">\u2192 \u00cates-vous enchant\u00e9-e de l\u2019ouverture d\u2019Ailleurs ?<\/p>\n\n\n\n<p data-block-type=\"core\">\u2192 Ailleurs est-il fait pour vous ?<\/p>\n\n\n\n<p data-block-type=\"core\">\u2192 Vous sentez-vous concern\u00e9-e par Ailleurs ?<\/p>\n\n\n\n<p data-block-type=\"core\">\u2192 Souhaitez-vous qu\u2019Ailleurs \u00e9largisse ces horaires d\u2019ouverture ?<\/p>\n\n\n\n<p data-block-type=\"core\">\u2192 Voulez-vous que le collectif puisse payer ses charges ?<\/p>\n\n\n\n<p data-block-type=\"core\">\u2192 Pensez-vous qu\u2019il devrait y avoir beaucoup plus d\u2019animations ?<\/p>\n\n\n\n<p data-block-type=\"core\">\u2192 Voulez-vous qu\u2019Ailleurs puisse vivre longtemps ?<\/p>\n\n\n\n<p data-block-type=\"core\">Si vous avez r\u00e9pondu au moins une fois \u00ab oui \u00bb, alors,<\/p>\n\n\n\n<p data-block-type=\"core\"><strong>c\u2019est que vous \u00eates pr\u00eat-e \u00e0 renforcer l\u2019\u00e9quipe existante,<\/strong><\/p>\n\n\n\n<p data-block-type=\"core\"><strong>nous nous verrons tr\u00e8s bient\u00f4t !<\/strong><\/p>\n","protected":false},"excerpt":{"rendered":"<p>La nouvelle tant attendue est enfin arriv\u00e9e : ce lieu tout nouveau, nomm\u00e9 \u00ab AILLEURS \u00bb est officiellement ouvert ! Hip hip hip hourra !!! Les locaux du 15 rue Mar\u00e9chal Lyautey sont d\u00e9sormais \u00e0 votre disposition. Petit rappel, le collectif en charge de cog\u00e9rer et coanimer ce lieu est compos\u00e9 de 3\u00e8me Rive caf\u00e9 [&hellip;]<\/p>\n","protected":false},"author":1,"featured_media":0,"comment_status":"open","ping_status":"open","sticky":false,"template":"","format":"standard","meta":{"_themeisle_gutenberg_block_has_review":false,"_jetpack_memberships_contains_paid_content":false,"footnotes":""},"categories":[10,4],"tags":[],"class_list":["post-375","post","type-post","status-publish","format-standard","hentry","category-10","category-archives"],"blocksy_meta":{"styles_descriptor":{"styles":{"desktop":"","tablet":"","mobile":""},"google_fonts":[],"version":6}},"jetpack_featured_media_url":"","jetpack_sharing_enabled":true,"_links":{"self":[{"href":"http:\/\/www.3emerive.fr\/index.php?rest_route=\/wp\/v2\/posts\/375","targetHints":{"allow":["GET"]}}],"collection":[{"href":"http:\/\/www.3emerive.fr\/index.php?rest_route=\/wp\/v2\/posts"}],"about":[{"href":"http:\/\/www.3emerive.fr\/index.php?rest_route=\/wp\/v2\/types\/post"}],"author":[{"embeddable":true,"href":"http:\/\/www.3emerive.fr\/index.php?rest_route=\/wp\/v2\/users\/1"}],"replies":[{"embeddable":true,"href":"http:\/\/www.3emerive.fr\/index.php?rest_route=%2Fwp%2Fv2%2Fcomments&post=375"}],"version-history":[{"count":1,"href":"http:\/\/www.3emerive.fr\/index.php?rest_route=\/wp\/v2\/posts\/375\/revisions"}],"predecessor-version":[{"id":376,"href":"http:\/\/www.3emerive.fr\/index.php?rest_route=\/wp\/v2\/posts\/375\/revisions\/376"}],"wp:attachment":[{"href":"http:\/\/www.3emerive.fr\/index.php?rest_route=%2Fwp%2Fv2%2Fmedia&parent=375"}],"wp:term":[{"taxonomy":"category","embeddable":true,"href":"http:\/\/www.3emerive.fr\/index.php?rest_route=%2Fwp%2Fv2%2Fcategories&post=375"},{"taxonomy":"post_tag","embeddable":true,"href":"http:\/\/www.3emerive.fr\/index.php?rest_route=%2Fwp%2Fv2%2Ftags&post=375"}],"curies":[{"name":"wp","href":"https:\/\/api.w.org\/{rel}","templated":true}]}}