{"id":371,"date":"2023-01-24T14:05:30","date_gmt":"2023-01-24T13:05:30","guid":{"rendered":"http:\/\/www.3emerive.fr\/?p=371"},"modified":"2023-01-24T14:05:31","modified_gmt":"2023-01-24T13:05:31","slug":"operation-masques-action-solidaire","status":"publish","type":"post","link":"http:\/\/www.3emerive.fr\/?p=371","title":{"rendered":"Op\u00e9ration \u00ab\u00a0masques\u00a0\u00bb &#8211; Action Solidaire"},"content":{"rendered":"\n<p data-block-type=\"core\">Bonjour \u00e0 toutes et tous,<\/p>\n\n\n\n<p data-block-type=\"core\">3\u00b0 Rive vous esp\u00e8re en bonne sant\u00e9, ainsi que vos proches.<\/p>\n\n\n\n<p data-block-type=\"core\">Nous vous proposons de nous rejoindre pour un projet collectif, cr\u00e9atif et engag\u00e9.<\/p>\n\n\n\n<p data-block-type=\"core\"><strong>APPEL A BENEVOLES<\/strong><\/p>\n\n\n\n<p data-block-type=\"core\"><strong><em>Vous souhaitez participer \u00e0 une action solidaire et responsable dans le cadre de la lutte contre le Covid-19 ?<\/em><\/strong><\/p>\n\n\n\n<p data-block-type=\"core\">Gr\u00e2ce \u00e0 la g\u00e9n\u00e9rosit\u00e9 de l\u2019entreprise textile <em>Maille Verte des Vosges<\/em> et de l\u2019association <em>Les Petits D\u00e9brouillards<\/em>, 3\u00e8me Rive-caf\u00e9 associatif dispose de tissus de classe 2 et d\u2019\u00e9lastiques pour la confection de masques lavables, sur le mod\u00e8le homologu\u00e9 AFNOR.<\/p>\n\n\n\n<p data-block-type=\"core\">Le local du 15 de la rue Mar\u00e9chal Lyautey, mis \u00e0 disposition par la mairie d\u2019Epinal, a \u00e9t\u00e9 am\u00e9nag\u00e9 pour satisfaire aux conditions sanitaires. Il a ainsi vocation \u00e0 se transformer en un lieu participatif pour pr\u00e9parer la sortie progressive du confinement.<\/p>\n\n\n\n<p data-block-type=\"core\">3\u00e8me Rive et le collectif Lyautey recherche des personnes volontaires pour diff\u00e9rentes activit\u00e9s :<\/p>\n\n\n\n<p data-block-type=\"core\">&#8211; pr\u00e9parer des kits de masques (atelier au local : tracer et d\u00e9couper les carr\u00e9s de tissu)<\/p>\n\n\n\n<p data-block-type=\"core\">&#8211; assurer la distribution des kits (permanence au local)<\/p>\n\n\n\n<p data-block-type=\"core\">&#8211; coudre des masques (\u00e0 son domicile, avec deux possibilit\u00e9s pour r\u00e9cup\u00e9rer les kits : soit venir les retirer au local, soit se les faire livrer)<\/p>\n\n\n\n<p data-block-type=\"core\">Si ce projet vous int\u00e9resse, que vous souhaitez des informations compl\u00e9mentaires, contactez-nous en envoyant un message priv\u00e9 \u00e0 partir de notre page Facebook<a href=\"https:\/\/www.facebook.com\/cafeasso\">https:\/\/www.facebook.com\/cafeasso<\/a>ou sur l\u2019adresse<a href=\"mailto:contact@3eme-rive.org\">contact@3eme-rive.org<\/a><\/p>\n\n\n\n<p data-block-type=\"core\">Un grand merci. Prenez soin de vous et soyez prudent en respectant les r\u00e8gles de protection pour chacun-e.<\/p>\n","protected":false},"excerpt":{"rendered":"<p>Bonjour \u00e0 toutes et tous, 3\u00b0 Rive vous esp\u00e8re en bonne sant\u00e9, ainsi que vos proches. Nous vous proposons de nous rejoindre pour un projet collectif, cr\u00e9atif et engag\u00e9. APPEL A BENEVOLES Vous souhaitez participer \u00e0 une action solidaire et responsable dans le cadre de la lutte contre le Covid-19 ? Gr\u00e2ce \u00e0 la g\u00e9n\u00e9rosit\u00e9 [&hellip;]<\/p>\n","protected":false},"author":1,"featured_media":0,"comment_status":"open","ping_status":"open","sticky":false,"template":"","format":"standard","meta":{"_themeisle_gutenberg_block_has_review":false,"_jetpack_memberships_contains_paid_content":false,"footnotes":""},"categories":[10,4],"tags":[],"class_list":["post-371","post","type-post","status-publish","format-standard","hentry","category-10","category-archives"],"blocksy_meta":{"styles_descriptor":{"styles":{"desktop":"","tablet":"","mobile":""},"google_fonts":[],"version":6}},"jetpack_featured_media_url":"","jetpack_sharing_enabled":true,"_links":{"self":[{"href":"http:\/\/www.3emerive.fr\/index.php?rest_route=\/wp\/v2\/posts\/371","targetHints":{"allow":["GET"]}}],"collection":[{"href":"http:\/\/www.3emerive.fr\/index.php?rest_route=\/wp\/v2\/posts"}],"about":[{"href":"http:\/\/www.3emerive.fr\/index.php?rest_route=\/wp\/v2\/types\/post"}],"author":[{"embeddable":true,"href":"http:\/\/www.3emerive.fr\/index.php?rest_route=\/wp\/v2\/users\/1"}],"replies":[{"embeddable":true,"href":"http:\/\/www.3emerive.fr\/index.php?rest_route=%2Fwp%2Fv2%2Fcomments&post=371"}],"version-history":[{"count":1,"href":"http:\/\/www.3emerive.fr\/index.php?rest_route=\/wp\/v2\/posts\/371\/revisions"}],"predecessor-version":[{"id":372,"href":"http:\/\/www.3emerive.fr\/index.php?rest_route=\/wp\/v2\/posts\/371\/revisions\/372"}],"wp:attachment":[{"href":"http:\/\/www.3emerive.fr\/index.php?rest_route=%2Fwp%2Fv2%2Fmedia&parent=371"}],"wp:term":[{"taxonomy":"category","embeddable":true,"href":"http:\/\/www.3emerive.fr\/index.php?rest_route=%2Fwp%2Fv2%2Fcategories&post=371"},{"taxonomy":"post_tag","embeddable":true,"href":"http:\/\/www.3emerive.fr\/index.php?rest_route=%2Fwp%2Fv2%2Ftags&post=371"}],"curies":[{"name":"wp","href":"https:\/\/api.w.org\/{rel}","templated":true}]}}