{"id":368,"date":"2023-01-24T14:04:31","date_gmt":"2023-01-24T13:04:31","guid":{"rendered":"http:\/\/www.3emerive.fr\/?p=368"},"modified":"2023-01-24T14:04:32","modified_gmt":"2023-01-24T13:04:32","slug":"rencontre-avec-les-benevoles-samedi-8-fevrier-2020","status":"publish","type":"post","link":"http:\/\/www.3emerive.fr\/?p=368","title":{"rendered":"Rencontre avec les b\u00e9n\u00e9voles samedi 8 f\u00e9vrier 2020"},"content":{"rendered":"\n<p data-block-type=\"core\">La date tant attendue arrive!! Oui, d\u2019ici un petit mois, notre caf\u00e9 associatif va int\u00e9grer ses nouveaux locaux, <strong>15 rue du Mar\u00e9chal Lyautey, \u00e0 Epinal<\/strong>.<\/p>\n\n\n\n<p data-block-type=\"core\">En attendant, nous sommes \u00e0 la recherche de forces vives b\u00e9n\u00e9voles pour compl\u00e9ter notre petite \u00e9quipe.<\/p>\n\n\n\n<p data-block-type=\"core\">Vous avez envie de vous investir \u00e0 nos c\u00f4t\u00e9s, sous quelque forme que ce soit ? De fa\u00e7on ponctuelle, plus r\u00e9guli\u00e8re, hebdomadaire ? Quelle que soient vos motivations et votre disponibilit\u00e9, votre engagement sera le bienvenu ! Les t\u00e2ches sont vari\u00e9es, il y en a pour tous les go\u00fbts et tous les agendas. Nous proposons un apr\u00e8s-midi d\u2019accueil des nouvelles et nouveaux b\u00e9n\u00e9voles, le <strong><em>Samedi 8 f\u00e9vrier 2020 \u00e0 14h<\/em><\/strong>, dans nos nouveaux locaux. R\u00e9ponses \u00e0 vos questions, pr\u00e9sentation des t\u00e2ches et r\u00e9partition, forces de proposition, bonne humeur seront au rendez-vous. Et pour ceux qui le souhaitent, rendez-vous pour un repas partag\u00e9 ce jour-l\u00e0 d\u00e8s 12h30 (chacun ram\u00e8ne quelque chose \u00e0 manger et \/ ou \u00e0 boire, \u00e0 partager avec le reste du groupe).<\/p>\n\n\n\n<p data-block-type=\"core\">N\u2019h\u00e9sitez pas \u00e0 nous contacter par mail ou via notre page facebook \u00e9galement!<\/p>\n","protected":false},"excerpt":{"rendered":"<p>La date tant attendue arrive!! Oui, d\u2019ici un petit mois, notre caf\u00e9 associatif va int\u00e9grer ses nouveaux locaux, 15 rue du Mar\u00e9chal Lyautey, \u00e0 Epinal. En attendant, nous sommes \u00e0 la recherche de forces vives b\u00e9n\u00e9voles pour compl\u00e9ter notre petite \u00e9quipe. Vous avez envie de vous investir \u00e0 nos c\u00f4t\u00e9s, sous quelque forme que ce [&hellip;]<\/p>\n","protected":false},"author":1,"featured_media":0,"comment_status":"open","ping_status":"open","sticky":false,"template":"","format":"standard","meta":{"_themeisle_gutenberg_block_has_review":false,"_jetpack_memberships_contains_paid_content":false,"footnotes":""},"categories":[10,4],"tags":[],"class_list":["post-368","post","type-post","status-publish","format-standard","hentry","category-10","category-archives"],"blocksy_meta":{"styles_descriptor":{"styles":{"desktop":"","tablet":"","mobile":""},"google_fonts":[],"version":6}},"jetpack_featured_media_url":"","jetpack_sharing_enabled":true,"_links":{"self":[{"href":"http:\/\/www.3emerive.fr\/index.php?rest_route=\/wp\/v2\/posts\/368","targetHints":{"allow":["GET"]}}],"collection":[{"href":"http:\/\/www.3emerive.fr\/index.php?rest_route=\/wp\/v2\/posts"}],"about":[{"href":"http:\/\/www.3emerive.fr\/index.php?rest_route=\/wp\/v2\/types\/post"}],"author":[{"embeddable":true,"href":"http:\/\/www.3emerive.fr\/index.php?rest_route=\/wp\/v2\/users\/1"}],"replies":[{"embeddable":true,"href":"http:\/\/www.3emerive.fr\/index.php?rest_route=%2Fwp%2Fv2%2Fcomments&post=368"}],"version-history":[{"count":1,"href":"http:\/\/www.3emerive.fr\/index.php?rest_route=\/wp\/v2\/posts\/368\/revisions"}],"predecessor-version":[{"id":370,"href":"http:\/\/www.3emerive.fr\/index.php?rest_route=\/wp\/v2\/posts\/368\/revisions\/370"}],"wp:attachment":[{"href":"http:\/\/www.3emerive.fr\/index.php?rest_route=%2Fwp%2Fv2%2Fmedia&parent=368"}],"wp:term":[{"taxonomy":"category","embeddable":true,"href":"http:\/\/www.3emerive.fr\/index.php?rest_route=%2Fwp%2Fv2%2Fcategories&post=368"},{"taxonomy":"post_tag","embeddable":true,"href":"http:\/\/www.3emerive.fr\/index.php?rest_route=%2Fwp%2Fv2%2Ftags&post=368"}],"curies":[{"name":"wp","href":"https:\/\/api.w.org\/{rel}","templated":true}]}}