{"id":362,"date":"2023-01-24T14:00:56","date_gmt":"2023-01-24T13:00:56","guid":{"rendered":"http:\/\/www.3emerive.fr\/?p=362"},"modified":"2023-01-24T14:00:58","modified_gmt":"2023-01-24T13:00:58","slug":"rencontre-autour-de-la-mobilite","status":"publish","type":"post","link":"http:\/\/www.3emerive.fr\/?p=362","title":{"rendered":"Rencontre autour de la mobilit\u00e9"},"content":{"rendered":"\n<p data-block-type=\"core\"><strong>Des \u00e9changes constructifs ont permis aux participants de s\u2019informer sur le th\u00e8me de la mobilit\u00e9. Le buffet propos\u00e9 par 3\u00b0 Rive a ponctu\u00e9 ce moment en toute convivialit\u00e9.<\/strong><\/p>\n\n\n\n<p data-block-type=\"core\"><strong>Un grand merci aux intervenants de la MACIF et de Wimoov ainsi qu\u2019au Moulin des Lettres.<\/strong><\/p>\n\n\n\n<hr class=\"wp-block-separator has-alpha-channel-opacity\"\/ data-block-type=\"core\">\n\n\n\n<p data-block-type=\"core\"><strong>La mobilit\u00e9 partout et pour tous<\/strong><\/p>\n\n\n\n<p data-block-type=\"core\">Se d\u00e9placer au quotidien, c\u2019est souvent compliqu\u00e9 :<\/p>\n\n\n\n<p data-block-type=\"core\">Plus d\u20191 Fran\u00e7ais sur 4 a d\u00e9j\u00e0 d\u00fb renoncer \u00e0 un travail ou \u00e0 une formation, faute de pouvoir s\u2019y rendre.<\/p>\n\n\n\n<p data-block-type=\"core\">43% des Fran\u00e7ais d\u00e9clarent avoir des difficult\u00e9s dans leurs d\u00e9placements quotidiens.<\/p>\n\n\n\n<p data-block-type=\"core\">A travers les diff\u00e9rentes \u00e9tapes de la vie, \u00e0 tout \u00e2ge, notre capacit\u00e9 \u00e0 nous d\u00e9placer peut se trouver r\u00e9duite. Ch\u00f4mage, isolement, handicap,\u2026 les situations sont nombreuses et complexes, que l\u2019on habite en ville ou \u00e0 la campagne.<\/p>\n\n\n\n<p data-block-type=\"core\">La mobilit\u00e9 pour tous est pourtant un droit. Aujourd\u2019hui, il existe des solutions pour retrouver une mobilit\u00e9 autonome et ainsi \u00e9viter la pr\u00e9carit\u00e9, la perte d\u2019emploi ou l\u2019exclusion sociale.<\/p>\n\n\n\n<p data-block-type=\"core\">C\u2019est pour en discuter et \u00e9voquer les solutions qui existent sur votre territoire que la Macif www.macif.fr<\/p>\n\n\n\n<p data-block-type=\"core\">et son partenaire Wimoov https:\/\/www.wimoov.org\/<\/p>\n\n\n\n<p data-block-type=\"core\">vous invitent :<\/p>\n\n\n\n<p data-block-type=\"core\"><strong>Le mardi 29 octobre 2019<\/strong><\/p>\n\n\n\n<p data-block-type=\"core\"><strong>\u00e0 18h30<\/strong><\/p>\n\n\n\n<p data-block-type=\"core\"><strong>Librairie Au Moulin des Lettres<\/strong><\/p>\n\n\n\n<p data-block-type=\"core\"><strong>6 quai des bons enfants<\/strong><\/p>\n\n\n\n<p data-block-type=\"core\"><strong>88000 \u00c9pinal<\/strong><\/p>\n\n\n\n<p data-block-type=\"core\">Venez partager votre exp\u00e9rience, \u00e9voquer vos difficult\u00e9s et vos attentes et rencontrer des professionnels de la mobilit\u00e9 pour tous.<\/p>\n\n\n\n<p data-block-type=\"core\">Un verre de l\u2019amiti\u00e9 vous sera offert \u00e0 l\u2019issue de la rencontre.<\/p>\n\n\n\n<p data-block-type=\"core\">Le nombre de places \u00e9tant limit\u00e9, nous vous remercions de vous inscrire par courriel \u00e0 tviemutualiste@macif.fr, avant le 24 octobre, en pr\u00e9cisant le nombre de participants.<\/p>\n\n\n\n<p data-block-type=\"core\">Nous vous adresserons un message pour vous confirmer ou non votre inscription.<\/p>\n\n\n\n<p data-block-type=\"core\">En cas de d\u00e9sistement, merci de bien vouloir nous pr\u00e9venir par courriel.<\/p>\n","protected":false},"excerpt":{"rendered":"<p>Des \u00e9changes constructifs ont permis aux participants de s\u2019informer sur le th\u00e8me de la mobilit\u00e9. Le buffet propos\u00e9 par 3\u00b0 Rive a ponctu\u00e9 ce moment en toute convivialit\u00e9. Un grand merci aux intervenants de la MACIF et de Wimoov ainsi qu\u2019au Moulin des Lettres. La mobilit\u00e9 partout et pour tous Se d\u00e9placer au quotidien, c\u2019est [&hellip;]<\/p>\n","protected":false},"author":1,"featured_media":0,"comment_status":"open","ping_status":"open","sticky":false,"template":"","format":"standard","meta":{"_themeisle_gutenberg_block_has_review":false,"_jetpack_memberships_contains_paid_content":false,"footnotes":""},"categories":[9,4],"tags":[],"class_list":["post-362","post","type-post","status-publish","format-standard","hentry","category-9","category-archives"],"blocksy_meta":{"styles_descriptor":{"styles":{"desktop":"","tablet":"","mobile":""},"google_fonts":[],"version":6}},"jetpack_featured_media_url":"","jetpack_sharing_enabled":true,"_links":{"self":[{"href":"http:\/\/www.3emerive.fr\/index.php?rest_route=\/wp\/v2\/posts\/362","targetHints":{"allow":["GET"]}}],"collection":[{"href":"http:\/\/www.3emerive.fr\/index.php?rest_route=\/wp\/v2\/posts"}],"about":[{"href":"http:\/\/www.3emerive.fr\/index.php?rest_route=\/wp\/v2\/types\/post"}],"author":[{"embeddable":true,"href":"http:\/\/www.3emerive.fr\/index.php?rest_route=\/wp\/v2\/users\/1"}],"replies":[{"embeddable":true,"href":"http:\/\/www.3emerive.fr\/index.php?rest_route=%2Fwp%2Fv2%2Fcomments&post=362"}],"version-history":[{"count":1,"href":"http:\/\/www.3emerive.fr\/index.php?rest_route=\/wp\/v2\/posts\/362\/revisions"}],"predecessor-version":[{"id":363,"href":"http:\/\/www.3emerive.fr\/index.php?rest_route=\/wp\/v2\/posts\/362\/revisions\/363"}],"wp:attachment":[{"href":"http:\/\/www.3emerive.fr\/index.php?rest_route=%2Fwp%2Fv2%2Fmedia&parent=362"}],"wp:term":[{"taxonomy":"category","embeddable":true,"href":"http:\/\/www.3emerive.fr\/index.php?rest_route=%2Fwp%2Fv2%2Fcategories&post=362"},{"taxonomy":"post_tag","embeddable":true,"href":"http:\/\/www.3emerive.fr\/index.php?rest_route=%2Fwp%2Fv2%2Ftags&post=362"}],"curies":[{"name":"wp","href":"https:\/\/api.w.org\/{rel}","templated":true}]}}