{"id":356,"date":"2023-01-24T13:59:36","date_gmt":"2023-01-24T12:59:36","guid":{"rendered":"http:\/\/www.3emerive.fr\/?p=356"},"modified":"2023-01-24T13:59:38","modified_gmt":"2023-01-24T12:59:38","slug":"rencontre-du-6-juillet","status":"publish","type":"post","link":"http:\/\/www.3emerive.fr\/?p=356","title":{"rendered":"Rencontre du 6 juillet"},"content":{"rendered":"\n<p data-block-type=\"core\">Bonjour \u00e0 toutes et tous,<\/p>\n\n\n\n<p data-block-type=\"core\">La ville d\u2019\u00c9pinal met \u00e0 disposition d\u2019associations le local situ\u00e9 au 15 rue du Mar\u00e9chal Lyautey (ex Vid\u00e9o Futur). 3\u00e8me Rive ainsi que 6 autres associations se sont d\u2019ores et d\u00e9j\u00e0 rencontr\u00e9es afin de construire un collectif ayant pour objet la co-gestion de ce lieu.<\/p>\n\n\n\n<p data-block-type=\"core\">L\u2019id\u00e9e est de partager l\u2019espace, le temps, les moyens techniques et humains afin de pouvoir le faire vivre le plus pleinement possible. Nos pr\u00e9c\u00e9dentes rencontres ont permis \u00e0 chacun de pouvoir imaginer, r\u00e9fl\u00e9chir et exprimer ses besoins et sa vision de ce que pourrait \u00eatre, dans ce cadre notre fonctionnement inter-associations.<\/p>\n\n\n\n<p data-block-type=\"core\">Nous nous devons d\u2019avancer, c\u2019est pourquoi nous avons programm\u00e9 2 rencontres <strong>les samedis 06 et 13 juillet<\/strong> \u00e0 la salle Louis Aragon au 51 Faubourg d\u2019Ambrail (derri\u00e8re le salon de coiffure Ac\u2019tif).<\/p>\n\n\n\n<p data-block-type=\"core\">Il est important que toutes et tous se sentent concern\u00e9s et impliqu\u00e9s dans cette construction : associations, adh\u00e9rents, sympathisants\u2026\u2026Aussi nous vous invitons \u00e0 venir nombreux avec vos id\u00e9es, votre \u00e9nergie, votre engagement.<\/p>\n\n\n\n<p data-block-type=\"core\">Programme de la journ\u00e9e du 06 Juillet :<\/p>\n\n\n\n<p data-block-type=\"core\">Accueil \u00e0 partir de 11 heures pour ceux et celles qui le souhaitent, apportez votre pique-nique rien de tel qu\u2019un bon repas en commun pour donner du courage et de l\u2019envie.<\/p>\n\n\n\n<p data-block-type=\"core\">13 h 30 &#8211; 14 h 30 : remue-m\u00e9ninges autour d\u2019un futur nom pour le collectif.<\/p>\n\n\n\n<p data-block-type=\"core\">14 h 45 \u2013 16 h 30 : ravail en cinq groupes pour r\u00e9fl\u00e9chir sur les cinq th\u00e9matiques : Convention \/ Statuts et gouvernance \/ Moyens techniques et humains \/ Charte \/ Budget.<\/p>\n\n\n\n<p data-block-type=\"core\">16 h 45 : mise en commun des travaux de groupe et pr\u00e9paration du programme de la journ\u00e9e du 13 juillet \u2026\u2026.POT FINAL !!!!<\/p>\n\n\n\n<p data-block-type=\"core\">Pour des facilit\u00e9s d\u2019organisation, merci de nous confirmer votre participation.<\/p>\n\n\n\n<p data-block-type=\"core\">Pour celles et ceux qui ne pourraient \u00eatre pr\u00e9sents, n\u2019h\u00e9sitez pas \u00e0 nous faire part de vos id\u00e9es, de vos r\u00e9flexions, de vos suggestions. Elles seront toutes bienvenues.<\/p>\n\n\n\n<p data-block-type=\"core\">A tout bient\u00f4t<\/p>\n\n\n\n<p data-block-type=\"core\">Pierre et Monique pour 3\u00e8me Rive, caf\u00e9 associatif : 06.77.00.49.00<\/p>\n","protected":false},"excerpt":{"rendered":"<p>Bonjour \u00e0 toutes et tous, La ville d\u2019\u00c9pinal met \u00e0 disposition d\u2019associations le local situ\u00e9 au 15 rue du Mar\u00e9chal Lyautey (ex Vid\u00e9o Futur). 3\u00e8me Rive ainsi que 6 autres associations se sont d\u2019ores et d\u00e9j\u00e0 rencontr\u00e9es afin de construire un collectif ayant pour objet la co-gestion de ce lieu. L\u2019id\u00e9e est de partager l\u2019espace, [&hellip;]<\/p>\n","protected":false},"author":1,"featured_media":0,"comment_status":"open","ping_status":"open","sticky":false,"template":"","format":"standard","meta":{"_themeisle_gutenberg_block_has_review":false,"_jetpack_memberships_contains_paid_content":false,"footnotes":""},"categories":[9,4],"tags":[],"class_list":["post-356","post","type-post","status-publish","format-standard","hentry","category-9","category-archives"],"blocksy_meta":{"styles_descriptor":{"styles":{"desktop":"","tablet":"","mobile":""},"google_fonts":[],"version":6}},"jetpack_featured_media_url":"","jetpack_sharing_enabled":true,"_links":{"self":[{"href":"http:\/\/www.3emerive.fr\/index.php?rest_route=\/wp\/v2\/posts\/356","targetHints":{"allow":["GET"]}}],"collection":[{"href":"http:\/\/www.3emerive.fr\/index.php?rest_route=\/wp\/v2\/posts"}],"about":[{"href":"http:\/\/www.3emerive.fr\/index.php?rest_route=\/wp\/v2\/types\/post"}],"author":[{"embeddable":true,"href":"http:\/\/www.3emerive.fr\/index.php?rest_route=\/wp\/v2\/users\/1"}],"replies":[{"embeddable":true,"href":"http:\/\/www.3emerive.fr\/index.php?rest_route=%2Fwp%2Fv2%2Fcomments&post=356"}],"version-history":[{"count":1,"href":"http:\/\/www.3emerive.fr\/index.php?rest_route=\/wp\/v2\/posts\/356\/revisions"}],"predecessor-version":[{"id":357,"href":"http:\/\/www.3emerive.fr\/index.php?rest_route=\/wp\/v2\/posts\/356\/revisions\/357"}],"wp:attachment":[{"href":"http:\/\/www.3emerive.fr\/index.php?rest_route=%2Fwp%2Fv2%2Fmedia&parent=356"}],"wp:term":[{"taxonomy":"category","embeddable":true,"href":"http:\/\/www.3emerive.fr\/index.php?rest_route=%2Fwp%2Fv2%2Fcategories&post=356"},{"taxonomy":"post_tag","embeddable":true,"href":"http:\/\/www.3emerive.fr\/index.php?rest_route=%2Fwp%2Fv2%2Ftags&post=356"}],"curies":[{"name":"wp","href":"https:\/\/api.w.org\/{rel}","templated":true}]}}