{"id":354,"date":"2023-01-24T13:59:04","date_gmt":"2023-01-24T12:59:04","guid":{"rendered":"http:\/\/www.3emerive.fr\/?p=354"},"modified":"2023-01-24T13:59:06","modified_gmt":"2023-01-24T12:59:06","slug":"chorale-multiculturelle-samedi-22-juin","status":"publish","type":"post","link":"http:\/\/www.3emerive.fr\/?p=354","title":{"rendered":"Chorale multiculturelle samedi 22 juin"},"content":{"rendered":"\n<p data-block-type=\"core\"><strong>Samedi 22 juin de 14h \u00e0 16h<\/strong><\/p>\n\n\n\n<p data-block-type=\"core\"><em><strong>Salle du quartier des ISAI (8 Rue Pierre Simonet, Epinal)<\/strong><\/em><\/p>\n\n\n\n<p data-block-type=\"core\">(Ouvert \u00e0 toutes et tous, m\u00eame d\u00e9butant-e-s)<\/p>\n\n\n\n<p data-block-type=\"core\">Chanter dehors, chanter tous les pays, chanter juste et rire ensemble.<\/p>\n\n\n\n<p data-block-type=\"core\">Avec le CCFD et Diversit\u00e988.<\/p>\n\n\n\n<p data-block-type=\"core\">Plus d\u2019infos au 06 42 14 06 71 \/ 06 27 28 14 76<\/p>\n","protected":false},"excerpt":{"rendered":"<p>Samedi 22 juin de 14h \u00e0 16h Salle du quartier des ISAI (8 Rue Pierre Simonet, Epinal) (Ouvert \u00e0 toutes et tous, m\u00eame d\u00e9butant-e-s) Chanter dehors, chanter tous les pays, chanter juste et rire ensemble. Avec le CCFD et Diversit\u00e988. Plus d\u2019infos au 06 42 14 06 71 \/ 06 27 28 14 76<\/p>\n","protected":false},"author":1,"featured_media":0,"comment_status":"open","ping_status":"open","sticky":false,"template":"","format":"standard","meta":{"_themeisle_gutenberg_block_has_review":false,"_jetpack_memberships_contains_paid_content":false,"footnotes":""},"categories":[9,4],"tags":[],"class_list":["post-354","post","type-post","status-publish","format-standard","hentry","category-9","category-archives"],"blocksy_meta":{"styles_descriptor":{"styles":{"desktop":"","tablet":"","mobile":""},"google_fonts":[],"version":6}},"jetpack_featured_media_url":"","jetpack_sharing_enabled":true,"_links":{"self":[{"href":"http:\/\/www.3emerive.fr\/index.php?rest_route=\/wp\/v2\/posts\/354","targetHints":{"allow":["GET"]}}],"collection":[{"href":"http:\/\/www.3emerive.fr\/index.php?rest_route=\/wp\/v2\/posts"}],"about":[{"href":"http:\/\/www.3emerive.fr\/index.php?rest_route=\/wp\/v2\/types\/post"}],"author":[{"embeddable":true,"href":"http:\/\/www.3emerive.fr\/index.php?rest_route=\/wp\/v2\/users\/1"}],"replies":[{"embeddable":true,"href":"http:\/\/www.3emerive.fr\/index.php?rest_route=%2Fwp%2Fv2%2Fcomments&post=354"}],"version-history":[{"count":1,"href":"http:\/\/www.3emerive.fr\/index.php?rest_route=\/wp\/v2\/posts\/354\/revisions"}],"predecessor-version":[{"id":355,"href":"http:\/\/www.3emerive.fr\/index.php?rest_route=\/wp\/v2\/posts\/354\/revisions\/355"}],"wp:attachment":[{"href":"http:\/\/www.3emerive.fr\/index.php?rest_route=%2Fwp%2Fv2%2Fmedia&parent=354"}],"wp:term":[{"taxonomy":"category","embeddable":true,"href":"http:\/\/www.3emerive.fr\/index.php?rest_route=%2Fwp%2Fv2%2Fcategories&post=354"},{"taxonomy":"post_tag","embeddable":true,"href":"http:\/\/www.3emerive.fr\/index.php?rest_route=%2Fwp%2Fv2%2Ftags&post=354"}],"curies":[{"name":"wp","href":"https:\/\/api.w.org\/{rel}","templated":true}]}}