{"id":352,"date":"2023-01-24T13:58:33","date_gmt":"2023-01-24T12:58:33","guid":{"rendered":"http:\/\/www.3emerive.fr\/?p=352"},"modified":"2023-01-24T13:58:34","modified_gmt":"2023-01-24T12:58:34","slug":"rencontre-autour-du-livre-vivant-samedi-25-mai-a-15h15","status":"publish","type":"post","link":"http:\/\/www.3emerive.fr\/?p=352","title":{"rendered":"Rencontre autour du livre \u00ab\u00a0Vivant\u00a0\u00bb samedi 25 mai \u00e0 15h15"},"content":{"rendered":"\n<p data-block-type=\"core\">Salle de La Baudenotte, derri\u00e8re la piscine olympique d\u2019Epinal.<\/p>\n\n\n\n<p data-block-type=\"core\">Rencontres avec Valens Sy Kabarari et Elise Delage, auteur et co-auteur du livre Vivant.<\/p>\n\n\n\n<p data-block-type=\"core\">T\u00e9moignage poignant sur le g\u00e9nocide perp\u00e9tr\u00e9&nbsp;contre les Tutsi du Rwanda<\/p>\n\n\n\n<p data-block-type=\"core\">Lors du g\u00e9nocide du Rwanda en 1994, Valens Sy Kabarari, perd pratiquement la totalit\u00e9 des membres de sa famille, mais aussi son village, ses voisins, sa parole&nbsp;. C\u2019est tout un pan de sa vie qui s\u2019efface dans l\u2019horreur. Aujourd\u2019hui, Valens Sy Kabarari convoque tendrement le gamin de 7 ans qu\u2019il \u00e9tait au moment du g\u00e9nocide. C\u2019est \u00e0 travers ce regard d\u2019enfant que nous d\u00e9couvrons la mont\u00e9e du racisme entre compagnons de jeu, le d\u00e9clenchement et la sauvagerie du g\u00e9nocide, la course de survie qui se met alors en place, les pertes, l\u2019humour qui permet de lutter contre la peur, le sauvetage, puis toutes les questions qui se posent, quand, tout jeune gar\u00e7on, on devient seul responsable de sa vie et de sa destin\u00e9e. Un r\u00e9cit universel sur la pulsion de vie.<\/p>\n","protected":false},"excerpt":{"rendered":"<p>Salle de La Baudenotte, derri\u00e8re la piscine olympique d\u2019Epinal. Rencontres avec Valens Sy Kabarari et Elise Delage, auteur et co-auteur du livre Vivant. T\u00e9moignage poignant sur le g\u00e9nocide perp\u00e9tr\u00e9&nbsp;contre les Tutsi du Rwanda Lors du g\u00e9nocide du Rwanda en 1994, Valens Sy Kabarari, perd pratiquement la totalit\u00e9 des membres de sa famille, mais aussi son [&hellip;]<\/p>\n","protected":false},"author":1,"featured_media":0,"comment_status":"open","ping_status":"open","sticky":false,"template":"","format":"standard","meta":{"_themeisle_gutenberg_block_has_review":false,"_jetpack_memberships_contains_paid_content":false,"footnotes":""},"categories":[9,4],"tags":[],"class_list":["post-352","post","type-post","status-publish","format-standard","hentry","category-9","category-archives"],"blocksy_meta":{"styles_descriptor":{"styles":{"desktop":"","tablet":"","mobile":""},"google_fonts":[],"version":6}},"jetpack_featured_media_url":"","jetpack_sharing_enabled":true,"_links":{"self":[{"href":"http:\/\/www.3emerive.fr\/index.php?rest_route=\/wp\/v2\/posts\/352","targetHints":{"allow":["GET"]}}],"collection":[{"href":"http:\/\/www.3emerive.fr\/index.php?rest_route=\/wp\/v2\/posts"}],"about":[{"href":"http:\/\/www.3emerive.fr\/index.php?rest_route=\/wp\/v2\/types\/post"}],"author":[{"embeddable":true,"href":"http:\/\/www.3emerive.fr\/index.php?rest_route=\/wp\/v2\/users\/1"}],"replies":[{"embeddable":true,"href":"http:\/\/www.3emerive.fr\/index.php?rest_route=%2Fwp%2Fv2%2Fcomments&post=352"}],"version-history":[{"count":1,"href":"http:\/\/www.3emerive.fr\/index.php?rest_route=\/wp\/v2\/posts\/352\/revisions"}],"predecessor-version":[{"id":353,"href":"http:\/\/www.3emerive.fr\/index.php?rest_route=\/wp\/v2\/posts\/352\/revisions\/353"}],"wp:attachment":[{"href":"http:\/\/www.3emerive.fr\/index.php?rest_route=%2Fwp%2Fv2%2Fmedia&parent=352"}],"wp:term":[{"taxonomy":"category","embeddable":true,"href":"http:\/\/www.3emerive.fr\/index.php?rest_route=%2Fwp%2Fv2%2Fcategories&post=352"},{"taxonomy":"post_tag","embeddable":true,"href":"http:\/\/www.3emerive.fr\/index.php?rest_route=%2Fwp%2Fv2%2Ftags&post=352"}],"curies":[{"name":"wp","href":"https:\/\/api.w.org\/{rel}","templated":true}]}}