{"id":350,"date":"2023-01-24T13:58:05","date_gmt":"2023-01-24T12:58:05","guid":{"rendered":"http:\/\/www.3emerive.fr\/?p=350"},"modified":"2023-01-24T13:58:06","modified_gmt":"2023-01-24T12:58:06","slug":"retour-dun-voyage-en-palestine","status":"publish","type":"post","link":"http:\/\/www.3emerive.fr\/?p=350","title":{"rendered":"Retour d&rsquo;un voyage en Palestine"},"content":{"rendered":"\n<p data-block-type=\"core\">Le samedi 4 mai avait lieu, avec le CCFD Terre Solidaire, une conf\u00e9rence autour de la Palestine.<\/p>\n\n\n\n<p data-block-type=\"core\">Apr\u00e8s un court documentaire pour rappeler l\u2019\u00e9volution historique du conflit, des t\u00e9moignages et des r\u00e9cits ont \u00e9t\u00e9 pr\u00e9sent\u00e9s. Un temps d\u2019\u00e9change avec l\u2019assembl\u00e9e a ponctu\u00e9 ce beau moment.<\/p>\n","protected":false},"excerpt":{"rendered":"<p>Le samedi 4 mai avait lieu, avec le CCFD Terre Solidaire, une conf\u00e9rence autour de la Palestine. Apr\u00e8s un court documentaire pour rappeler l\u2019\u00e9volution historique du conflit, des t\u00e9moignages et des r\u00e9cits ont \u00e9t\u00e9 pr\u00e9sent\u00e9s. Un temps d\u2019\u00e9change avec l\u2019assembl\u00e9e a ponctu\u00e9 ce beau moment.<\/p>\n","protected":false},"author":1,"featured_media":0,"comment_status":"open","ping_status":"open","sticky":false,"template":"","format":"standard","meta":{"_themeisle_gutenberg_block_has_review":false,"_jetpack_memberships_contains_paid_content":false,"footnotes":""},"categories":[9,4],"tags":[],"class_list":["post-350","post","type-post","status-publish","format-standard","hentry","category-9","category-archives"],"blocksy_meta":{"styles_descriptor":{"styles":{"desktop":"","tablet":"","mobile":""},"google_fonts":[],"version":6}},"jetpack_featured_media_url":"","jetpack_sharing_enabled":true,"_links":{"self":[{"href":"http:\/\/www.3emerive.fr\/index.php?rest_route=\/wp\/v2\/posts\/350","targetHints":{"allow":["GET"]}}],"collection":[{"href":"http:\/\/www.3emerive.fr\/index.php?rest_route=\/wp\/v2\/posts"}],"about":[{"href":"http:\/\/www.3emerive.fr\/index.php?rest_route=\/wp\/v2\/types\/post"}],"author":[{"embeddable":true,"href":"http:\/\/www.3emerive.fr\/index.php?rest_route=\/wp\/v2\/users\/1"}],"replies":[{"embeddable":true,"href":"http:\/\/www.3emerive.fr\/index.php?rest_route=%2Fwp%2Fv2%2Fcomments&post=350"}],"version-history":[{"count":1,"href":"http:\/\/www.3emerive.fr\/index.php?rest_route=\/wp\/v2\/posts\/350\/revisions"}],"predecessor-version":[{"id":351,"href":"http:\/\/www.3emerive.fr\/index.php?rest_route=\/wp\/v2\/posts\/350\/revisions\/351"}],"wp:attachment":[{"href":"http:\/\/www.3emerive.fr\/index.php?rest_route=%2Fwp%2Fv2%2Fmedia&parent=350"}],"wp:term":[{"taxonomy":"category","embeddable":true,"href":"http:\/\/www.3emerive.fr\/index.php?rest_route=%2Fwp%2Fv2%2Fcategories&post=350"},{"taxonomy":"post_tag","embeddable":true,"href":"http:\/\/www.3emerive.fr\/index.php?rest_route=%2Fwp%2Fv2%2Ftags&post=350"}],"curies":[{"name":"wp","href":"https:\/\/api.w.org\/{rel}","templated":true}]}}