{"id":342,"date":"2023-01-24T13:56:21","date_gmt":"2023-01-24T12:56:21","guid":{"rendered":"http:\/\/www.3emerive.fr\/?p=342"},"modified":"2023-01-24T13:56:23","modified_gmt":"2023-01-24T12:56:23","slug":"chorale-multicuturelle","status":"publish","type":"post","link":"http:\/\/www.3emerive.fr\/?p=342","title":{"rendered":"Chorale multicuturelle"},"content":{"rendered":"\n<p data-block-type=\"core\"><strong>Samedi 16 mars \u00e0 partir de 14h<\/strong><\/p>\n\n\n\n<p data-block-type=\"core\">(jusque 16h environ)<\/p>\n\n\n\n<p data-block-type=\"core\"><strong>Informations et 1\u00e8re r\u00e9p\u00e9tition&nbsp;!<\/strong><\/p>\n\n\n\n<p data-block-type=\"core\">(Ouvert \u00e0 toutes et tous, m\u00eame d\u00e9butant-e-s)<\/p>\n\n\n\n<p data-block-type=\"core\"><strong>Chanter dehors, chanter tous les pays,<\/strong><\/p>\n\n\n\n<p data-block-type=\"core\"><strong>chanter juste et rire ensemble<\/strong><\/p>\n\n\n\n<p data-block-type=\"core\">Avec le CCFD et Diversit\u00e988<\/p>\n\n\n\n<p data-block-type=\"core\">Plus d\u2019infos au 06 42 14 06 71 \/ 06 27 28 14 76<\/p>\n","protected":false},"excerpt":{"rendered":"<p>Samedi 16 mars \u00e0 partir de 14h (jusque 16h environ) Informations et 1\u00e8re r\u00e9p\u00e9tition&nbsp;! (Ouvert \u00e0 toutes et tous, m\u00eame d\u00e9butant-e-s) Chanter dehors, chanter tous les pays, chanter juste et rire ensemble Avec le CCFD et Diversit\u00e988 Plus d\u2019infos au 06 42 14 06 71 \/ 06 27 28 14 76<\/p>\n","protected":false},"author":1,"featured_media":0,"comment_status":"open","ping_status":"open","sticky":false,"template":"","format":"standard","meta":{"_themeisle_gutenberg_block_has_review":false,"_jetpack_memberships_contains_paid_content":false,"footnotes":""},"categories":[9,4],"tags":[],"class_list":["post-342","post","type-post","status-publish","format-standard","hentry","category-9","category-archives"],"blocksy_meta":{"styles_descriptor":{"styles":{"desktop":"","tablet":"","mobile":""},"google_fonts":[],"version":6}},"jetpack_featured_media_url":"","jetpack_sharing_enabled":true,"_links":{"self":[{"href":"http:\/\/www.3emerive.fr\/index.php?rest_route=\/wp\/v2\/posts\/342","targetHints":{"allow":["GET"]}}],"collection":[{"href":"http:\/\/www.3emerive.fr\/index.php?rest_route=\/wp\/v2\/posts"}],"about":[{"href":"http:\/\/www.3emerive.fr\/index.php?rest_route=\/wp\/v2\/types\/post"}],"author":[{"embeddable":true,"href":"http:\/\/www.3emerive.fr\/index.php?rest_route=\/wp\/v2\/users\/1"}],"replies":[{"embeddable":true,"href":"http:\/\/www.3emerive.fr\/index.php?rest_route=%2Fwp%2Fv2%2Fcomments&post=342"}],"version-history":[{"count":1,"href":"http:\/\/www.3emerive.fr\/index.php?rest_route=\/wp\/v2\/posts\/342\/revisions"}],"predecessor-version":[{"id":343,"href":"http:\/\/www.3emerive.fr\/index.php?rest_route=\/wp\/v2\/posts\/342\/revisions\/343"}],"wp:attachment":[{"href":"http:\/\/www.3emerive.fr\/index.php?rest_route=%2Fwp%2Fv2%2Fmedia&parent=342"}],"wp:term":[{"taxonomy":"category","embeddable":true,"href":"http:\/\/www.3emerive.fr\/index.php?rest_route=%2Fwp%2Fv2%2Fcategories&post=342"},{"taxonomy":"post_tag","embeddable":true,"href":"http:\/\/www.3emerive.fr\/index.php?rest_route=%2Fwp%2Fv2%2Ftags&post=342"}],"curies":[{"name":"wp","href":"https:\/\/api.w.org\/{rel}","templated":true}]}}