{"id":320,"date":"2023-01-24T13:51:27","date_gmt":"2023-01-24T12:51:27","guid":{"rendered":"http:\/\/www.3emerive.fr\/?p=320"},"modified":"2023-01-24T13:51:28","modified_gmt":"2023-01-24T12:51:28","slug":"decouverte-de-lecriture-inclusive","status":"publish","type":"post","link":"http:\/\/www.3emerive.fr\/?p=320","title":{"rendered":"D\u00e9couverte de l&rsquo;\u00e9criture inclusive"},"content":{"rendered":"\n<p data-block-type=\"core\"><strong>Samedi 16 f\u00e9vrier de 14h30 \u00e0 16h30<\/strong><\/p>\n\n\n\n<p data-block-type=\"core\">\u00ab&nbsp;en marche vers une transition personnelle et soci\u00e9tale avec l\u2019\u00e9criture inclusive&nbsp;\u00bb<\/p>\n\n\n\n<p data-block-type=\"core\">D\u00e9couverte de l\u2019\u00e9criture inclusive (\u00e9pic\u00e8ne) et mise en pratique<\/p>\n\n\n\n<p data-block-type=\"core\">Avec G\u00e9rard OLIVIER et Lydie GUIBERTEAU<\/p>\n","protected":false},"excerpt":{"rendered":"<p>Samedi 16 f\u00e9vrier de 14h30 \u00e0 16h30 \u00ab&nbsp;en marche vers une transition personnelle et soci\u00e9tale avec l\u2019\u00e9criture inclusive&nbsp;\u00bb D\u00e9couverte de l\u2019\u00e9criture inclusive (\u00e9pic\u00e8ne) et mise en pratique Avec G\u00e9rard OLIVIER et Lydie GUIBERTEAU<\/p>\n","protected":false},"author":1,"featured_media":0,"comment_status":"open","ping_status":"open","sticky":false,"template":"","format":"standard","meta":{"_themeisle_gutenberg_block_has_review":false,"_jetpack_memberships_contains_paid_content":false,"footnotes":""},"categories":[9,4],"tags":[],"class_list":["post-320","post","type-post","status-publish","format-standard","hentry","category-9","category-archives"],"blocksy_meta":{"styles_descriptor":{"styles":{"desktop":"","tablet":"","mobile":""},"google_fonts":[],"version":6}},"jetpack_featured_media_url":"","jetpack_sharing_enabled":true,"_links":{"self":[{"href":"http:\/\/www.3emerive.fr\/index.php?rest_route=\/wp\/v2\/posts\/320","targetHints":{"allow":["GET"]}}],"collection":[{"href":"http:\/\/www.3emerive.fr\/index.php?rest_route=\/wp\/v2\/posts"}],"about":[{"href":"http:\/\/www.3emerive.fr\/index.php?rest_route=\/wp\/v2\/types\/post"}],"author":[{"embeddable":true,"href":"http:\/\/www.3emerive.fr\/index.php?rest_route=\/wp\/v2\/users\/1"}],"replies":[{"embeddable":true,"href":"http:\/\/www.3emerive.fr\/index.php?rest_route=%2Fwp%2Fv2%2Fcomments&post=320"}],"version-history":[{"count":1,"href":"http:\/\/www.3emerive.fr\/index.php?rest_route=\/wp\/v2\/posts\/320\/revisions"}],"predecessor-version":[{"id":321,"href":"http:\/\/www.3emerive.fr\/index.php?rest_route=\/wp\/v2\/posts\/320\/revisions\/321"}],"wp:attachment":[{"href":"http:\/\/www.3emerive.fr\/index.php?rest_route=%2Fwp%2Fv2%2Fmedia&parent=320"}],"wp:term":[{"taxonomy":"category","embeddable":true,"href":"http:\/\/www.3emerive.fr\/index.php?rest_route=%2Fwp%2Fv2%2Fcategories&post=320"},{"taxonomy":"post_tag","embeddable":true,"href":"http:\/\/www.3emerive.fr\/index.php?rest_route=%2Fwp%2Fv2%2Ftags&post=320"}],"curies":[{"name":"wp","href":"https:\/\/api.w.org\/{rel}","templated":true}]}}