{"id":300,"date":"2023-01-24T13:46:41","date_gmt":"2023-01-24T12:46:41","guid":{"rendered":"http:\/\/www.3emerive.fr\/?p=300"},"modified":"2023-01-24T13:46:43","modified_gmt":"2023-01-24T12:46:43","slug":"conference-debat-le-traite-euratom","status":"publish","type":"post","link":"http:\/\/www.3emerive.fr\/?p=300","title":{"rendered":"Conf\u00e9rence \u2013 D\u00e9bat \u00ab\u00a0Le trait\u00e9 EURATOM\u00a0\u00bb"},"content":{"rendered":"\n<p data-block-type=\"core\"><strong>Samedi 26 janvier \u00e0 19h30<\/strong><\/p>\n\n\n\n<p data-block-type=\"core\"><strong>En images : **<a href=\"https:\/\/nuage.epinal-en-transition.fr\/index.php\/s\/oZY9SAix2qG32gQ\">**https:\/\/nuage.epinal-en-transition.fr\/index.php\/s\/oZY9SAix2qG32gQ**<\/a><\/strong>**<\/p>\n\n\n\n<hr class=\"wp-block-separator has-alpha-channel-opacity\"\/ data-block-type=\"core\">\n\n\n\n<p data-block-type=\"core\"><strong>****************************************<\/strong><\/p>\n\n\n\n<p data-block-type=\"core\"><strong>Avec Roland Desbordes de la CRIIRAD<\/strong><\/p>\n\n\n\n<p data-block-type=\"core\">(Commission de Recherche et d\u2019Information Ind\u00e9pendantes sur la Radioactivit\u00e9).<\/p>\n\n\n\n<p data-block-type=\"core\">Avec \u00e9galement :<\/p>\n\n\n\n<p data-block-type=\"core\"><strong>le RECH (R\u00e9action En Cha\u00eene Humaine)<\/strong><\/p>\n\n\n\n<p data-block-type=\"core\"><strong>VNE (Vosges Alternatives au Nucl\u00e9aire)<\/strong><\/p>\n\n\n\n<p data-block-type=\"core\"><strong>Argumentaire de la CRIIRAD<\/strong><\/p>\n\n\n\n<p data-block-type=\"core\">\u00ab&nbsp;Sign\u00e9 en 1957 et toujours en vigueur, le trait\u00e9 EURATOM est<\/p>\n\n\n\n<p data-block-type=\"core\">Un trait\u00e9 PRO-NUCL\u00c9AIRE<\/p>\n\n\n\n<p data-block-type=\"core\">Son article 1 institue une COMMUNAUT\u00c9 EUROP\u00c9ENNE DE L\u2019\u00c9NERGIE ATOMIQUE dite EURATOM qui a pour mission de \u00ab&nbsp;contribuer \u00e0 l\u2019\u00e9l\u00e9vation du niveau de vie&nbsp;\u00bb dans les \u00c9tats membres en cr\u00e9ant les \u00ab&nbsp;conditions n\u00e9cessaires \u00e0 la formation et \u00e0 la croissance rapides des industries nucl\u00e9aires&nbsp;\u00bb<\/p>\n\n\n\n<p data-block-type=\"core\">L\u2019article 2 du trait\u00e9 liste tout ce que doit faire EURATOM pour accomplir sa mission, \u00e0 savoir&nbsp;: \u00ab&nbsp;d\u00e9velopper la recherche et assurer la diffusion des connaissances techniques&nbsp;\u00bb ; \u00ab&nbsp;faciliter les investissements&nbsp;\u00bb&nbsp;; \u00ab&nbsp;veiller \u00e0 l\u2019approvisionnement (\u2026) en minerais et combustibles nucl\u00e9aires&nbsp;\u00bb ; \u00ab&nbsp;assurer de larges d\u00e9bouch\u00e9s et l\u2019acc\u00e8s aux meilleurs moyens techniques (\u2026)&nbsp;\u00bb, etc. &nbsp;<\/p>\n\n\n\n<p data-block-type=\"core\">Un trait\u00e9 OBSOLETTE&nbsp;(ou anachronique)<\/p>\n\n\n\n<p data-block-type=\"core\">Le trait\u00e9 EURATOM a \u00e9t\u00e9 b\u00e2ti sur l\u2019id\u00e9e que l\u2019\u00e9nergie nucl\u00e9aire allait apporter la prosp\u00e9rit\u00e9 : le nucl\u00e9aire devait \u00eatre s\u00fbr, propre et bon march\u00e9.<\/p>\n\n\n\n<p data-block-type=\"core\">C\u2019\u00e9tait d\u00e9j\u00e0 contestable \u00e0 l\u2019\u00e9poque&nbsp;: 1957 en effet l\u2019ann\u00e9e de l\u2019accident de Windscale, en Angleterre, et de la catastrophe de Mayak, en URSS. Ce n\u2019est plus acceptable en 2018, apr\u00e8s Tchernobyl et Fukushima, apr\u00e8s les centaines de millions de tonnes de d\u00e9chets radioactifs l\u00e9gu\u00e9s aux g\u00e9n\u00e9rations futures.&nbsp;<\/p>\n\n\n\n<p data-block-type=\"core\">Un PI\u00c8GE tragique pour notre SANT\u00c9&nbsp;<\/p>\n\n\n\n<p data-block-type=\"core\">Les normes de protection de la population et des travailleurs contre les dangers de la radioactivit\u00e9 sont \u00e9tablies dans le cadre d\u2019EURATOM alors que sa mission fondamentale du trait\u00e9 est de d\u00e9velopper l\u2019industrie nucl\u00e9aire&nbsp;! \u00c0 cause de ce conflit d\u2019int\u00e9r\u00eat majeur, les arbitrages entre int\u00e9r\u00eats \u00e9conomiques et sanitaires se sont faits, et continuent de se faire, au d\u00e9triment de notre sant\u00e9. Que dirait-on d\u2019un trait\u00e9 cr\u00e9ant une communaut\u00e9 europ\u00e9enne des pesticides, dite EUROPEST, \u00e0 qui l\u2019on confierait le soin de d\u00e9finir les normes de protection contre les produits Monsanto&nbsp;ou Bayer&nbsp;?<\/p>\n\n\n\n<p data-block-type=\"core\">Un RISQUE MAJEUR pour notre environnement<\/p>\n\n\n\n<p data-block-type=\"core\">En fonctionnement normal, on a d\u00e9j\u00e0 les d\u00e9chets radioactifs, les rejets radioactifs, chimiques et thermiques dans l\u2019atmosph\u00e8re, les cours d\u2019eaux et les oc\u00e9ans, le recyclage des m\u00e9taux et gravats contamin\u00e9s \u00e0 l\u2019insu des consommateurs.<\/p>\n\n\n\n<p data-block-type=\"core\">En cas d\u2019accident nucl\u00e9aire majeur, la vie de chaque citoyen europ\u00e9en serait affect\u00e9e des millions de citoyens pourraient tout perdre, des centaines de milliers de kilom\u00e8tres carr\u00e9s pourraient devenir inhabitables et impropres \u00e0 toute culture.<\/p>\n\n\n\n<p data-block-type=\"core\">Un trait\u00e9 qui fait OBSTACLE \u00e0 la transition \u00e9nerg\u00e9tique&nbsp;<\/p>\n\n\n\n<p data-block-type=\"core\">En r\u00e9servant un traitement de faveur \u00e0 l\u2019\u00e9nergie nucl\u00e9aire, en exon\u00e9rant les industriels du nucl\u00e9aire de l\u2019application du principe pollueur-payeur, le trait\u00e9 cr\u00e9\u00e9 des distorsions de concurrence.<\/p>\n\n\n\n<p data-block-type=\"core\">En accaparant les aides et les subventions, l\u2019\u00e9nergie nucl\u00e9aire r\u00e9duit dramatiquement l\u2019argent disponible pour l\u2019efficacit\u00e9 \u00e9nerg\u00e9tique, la r\u00e9novation thermique et les \u00e9nergies renouvelables<\/p>\n\n\n\n<p data-block-type=\"core\">Un trait\u00e9 ANTID\u00c9MOCRATIQUE<\/p>\n\n\n\n<p data-block-type=\"core\">Euratom d\u00e9roge au fonctionnement normal de l\u2019Union Europ\u00e9enne. Le Parlement europ\u00e9en n\u2019a qu\u2019un r\u00f4le consultatif, pour ne pas dire figuratif, alors les sujets pourtant essentiels pour la protection de l\u2019environnement et la sant\u00e9 de tous + L\u2019initiative citoyenne europ\u00e9enne qui permet \u00e0 1 million de citoyens d\u2019inviter la Commission europ\u00e9enne \u00e0 pr\u00e9senter un nouveau projet de loi, ne s\u2019applique pas \u00e0 Euratom et donc au nucl\u00e9aire. De plus, des d\u00e9cisions vitales pour notre avenir sont bas\u00e9es sur le travail d\u2019experts anonymes qui ne rendent compte \u00e0 personne, y compris quand leur travail est truff\u00e9 d\u2019erreurs.&nbsp;\u00bb<\/p>\n","protected":false},"excerpt":{"rendered":"<p>Samedi 26 janvier \u00e0 19h30 En images : ****https:\/\/nuage.epinal-en-transition.fr\/index.php\/s\/oZY9SAix2qG32gQ**** **************************************** Avec Roland Desbordes de la CRIIRAD (Commission de Recherche et d\u2019Information Ind\u00e9pendantes sur la Radioactivit\u00e9). Avec \u00e9galement : le RECH (R\u00e9action En Cha\u00eene Humaine) VNE (Vosges Alternatives au Nucl\u00e9aire) Argumentaire de la CRIIRAD \u00ab&nbsp;Sign\u00e9 en 1957 et toujours en vigueur, le trait\u00e9 EURATOM est Un [&hellip;]<\/p>\n","protected":false},"author":1,"featured_media":0,"comment_status":"open","ping_status":"open","sticky":false,"template":"","format":"standard","meta":{"_themeisle_gutenberg_block_has_review":false,"_jetpack_memberships_contains_paid_content":false,"footnotes":""},"categories":[9,4],"tags":[],"class_list":["post-300","post","type-post","status-publish","format-standard","hentry","category-9","category-archives"],"blocksy_meta":{"styles_descriptor":{"styles":{"desktop":"","tablet":"","mobile":""},"google_fonts":[],"version":6}},"jetpack_featured_media_url":"","jetpack_sharing_enabled":true,"_links":{"self":[{"href":"http:\/\/www.3emerive.fr\/index.php?rest_route=\/wp\/v2\/posts\/300","targetHints":{"allow":["GET"]}}],"collection":[{"href":"http:\/\/www.3emerive.fr\/index.php?rest_route=\/wp\/v2\/posts"}],"about":[{"href":"http:\/\/www.3emerive.fr\/index.php?rest_route=\/wp\/v2\/types\/post"}],"author":[{"embeddable":true,"href":"http:\/\/www.3emerive.fr\/index.php?rest_route=\/wp\/v2\/users\/1"}],"replies":[{"embeddable":true,"href":"http:\/\/www.3emerive.fr\/index.php?rest_route=%2Fwp%2Fv2%2Fcomments&post=300"}],"version-history":[{"count":1,"href":"http:\/\/www.3emerive.fr\/index.php?rest_route=\/wp\/v2\/posts\/300\/revisions"}],"predecessor-version":[{"id":301,"href":"http:\/\/www.3emerive.fr\/index.php?rest_route=\/wp\/v2\/posts\/300\/revisions\/301"}],"wp:attachment":[{"href":"http:\/\/www.3emerive.fr\/index.php?rest_route=%2Fwp%2Fv2%2Fmedia&parent=300"}],"wp:term":[{"taxonomy":"category","embeddable":true,"href":"http:\/\/www.3emerive.fr\/index.php?rest_route=%2Fwp%2Fv2%2Fcategories&post=300"},{"taxonomy":"post_tag","embeddable":true,"href":"http:\/\/www.3emerive.fr\/index.php?rest_route=%2Fwp%2Fv2%2Ftags&post=300"}],"curies":[{"name":"wp","href":"https:\/\/api.w.org\/{rel}","templated":true}]}}