{"id":296,"date":"2023-01-24T13:45:21","date_gmt":"2023-01-24T12:45:21","guid":{"rendered":"http:\/\/www.3emerive.fr\/?p=296"},"modified":"2023-01-24T13:45:23","modified_gmt":"2023-01-24T12:45:23","slug":"assemblee-generale-de-3eme-rive","status":"publish","type":"post","link":"http:\/\/www.3emerive.fr\/?p=296","title":{"rendered":"Assembl\u00e9e G\u00e9n\u00e9rale de 3\u00e8me Rive"},"content":{"rendered":"\n<p data-block-type=\"core\"><strong>Merci \u00e0 toutes et tous pour votre soutien !<\/strong><\/p>\n\n\n\n<p data-block-type=\"core\">**En images : **<a href=\"https:\/\/nuage.epinal-en-transition.fr\/index.php\/s\/5lKTuhnMFMKe8oj\"><strong>https:\/\/nuage.epinal-en-transition.fr\/index.php\/s\/5lKTuhnMFMKe8oj<\/strong><\/a>****<\/p>\n\n\n\n<p data-block-type=\"core\">**Compte rendu : **<\/p>\n\n\n\n<p data-block-type=\"core\"><strong>****************<\/strong><\/p>\n\n\n\n<p data-block-type=\"core\"><strong>Samedi 19 janvier \u00e0 partir de 16 heures<\/strong><\/p>\n\n\n\n<p data-block-type=\"core\">Ordre du jour<\/p>\n\n\n\n<p data-block-type=\"core\"><strong>16h : Accueil<\/strong><\/p>\n\n\n\n<p data-block-type=\"core\">**16h30 : Ouverture de l\u2019assembl\u00e9e g\u00e9n\u00e9rale **<\/p>\n\n\n\n<p data-block-type=\"core\">Rapport moral<\/p>\n\n\n\n<p data-block-type=\"core\">Rapport d\u2019activit\u00e9<\/p>\n\n\n\n<p data-block-type=\"core\">Rapport financier<\/p>\n\n\n\n<p data-block-type=\"core\">Orientations<\/p>\n\n\n\n<p data-block-type=\"core\">Cotisations 2019<\/p>\n\n\n\n<p data-block-type=\"core\">Votes (*)<\/p>\n\n\n\n<p data-block-type=\"core\">Pr\u00e9sentation et \u00e9lection des membres au conseil d\u2019administration (*) (**)<\/p>\n\n\n\n<p data-block-type=\"core\">Temps de questions-r\u00e9ponses<\/p>\n\n\n\n<p data-block-type=\"core\"><strong>18h : Cl\u00f4ture de l\u2019assembl\u00e9e g\u00e9n\u00e9rale<\/strong><\/p>\n\n\n\n<p data-block-type=\"core\">Verre de l\u2019amiti\u00e9<\/p>\n\n\n\n<p data-block-type=\"core\">(*) Adh\u00e9rents \u00e0 jour de cotisation.<\/p>\n\n\n\n<p data-block-type=\"core\">(**) Un bout d\u2019aventure avec 3\u00e8me Rive, \u00e7a vous dit&nbsp;?<\/p>\n\n\n\n<p data-block-type=\"core\">Devenez membre du conseil d\u2019administration pour 1 an.<\/p>\n\n\n\n<p data-block-type=\"core\">C\u2019est le moment de vous d\u00e9clarer<\/p>\n\n\n\n<p data-block-type=\"core\">et de pr\u00e9senter vos motivations.<\/p>\n\n\n\n<p data-block-type=\"core\">N\u2019h\u00e9sitez pas \u00e0 prendre contact avec nous d\u00e8s maintenant.<\/p>\n\n\n\n<p data-block-type=\"core\">(10 si\u00e8ges citoyen-e-s + 5 si\u00e8ges personnes morales)<\/p>\n\n\n\n<p data-block-type=\"core\">(limite des candidatures, samedi 19 janvier \u00e0 midi)<\/p>\n\n\n\n<p data-block-type=\"core\">Contact<\/p>\n\n\n\n<p data-block-type=\"core\">cafe.asso.mf@free.fr et contact@3eme-rive.org<\/p>\n\n\n\n<p data-block-type=\"core\">Infos<\/p>\n\n\n\n<p data-block-type=\"core\"><a href=\"https:\/\/www.3eme-rive.org\/\">https:\/\/www.3eme-rive.org\/<\/a><\/p>\n\n\n\n<p data-block-type=\"core\"><a href=\"https:\/\/www.facebook.com\/cafeasso\">https:\/\/www.facebook.com\/cafeasso<\/a><\/p>\n\n\n\n<p data-block-type=\"core\">ainsi que les samedis au 4 quai des bons enfants<\/p>\n\n\n\n<p data-block-type=\"core\">Nous restons \u00e0 votre disposition<\/p>\n\n\n\n<p data-block-type=\"core\">pour toutes questions avant l\u2019assembl\u00e9e g\u00e9n\u00e9rale.<\/p>\n","protected":false},"excerpt":{"rendered":"<p>Merci \u00e0 toutes et tous pour votre soutien ! **En images : **https:\/\/nuage.epinal-en-transition.fr\/index.php\/s\/5lKTuhnMFMKe8oj**** **Compte rendu : ** **************** Samedi 19 janvier \u00e0 partir de 16 heures Ordre du jour 16h : Accueil **16h30 : Ouverture de l\u2019assembl\u00e9e g\u00e9n\u00e9rale ** Rapport moral Rapport d\u2019activit\u00e9 Rapport financier Orientations Cotisations 2019 Votes (*) Pr\u00e9sentation et \u00e9lection des membres [&hellip;]<\/p>\n","protected":false},"author":1,"featured_media":0,"comment_status":"open","ping_status":"open","sticky":false,"template":"","format":"standard","meta":{"_themeisle_gutenberg_block_has_review":false,"_jetpack_memberships_contains_paid_content":false,"footnotes":""},"categories":[9,4],"tags":[],"class_list":["post-296","post","type-post","status-publish","format-standard","hentry","category-9","category-archives"],"blocksy_meta":{"styles_descriptor":{"styles":{"desktop":"","tablet":"","mobile":""},"google_fonts":[],"version":6}},"jetpack_featured_media_url":"","jetpack_sharing_enabled":true,"_links":{"self":[{"href":"http:\/\/www.3emerive.fr\/index.php?rest_route=\/wp\/v2\/posts\/296","targetHints":{"allow":["GET"]}}],"collection":[{"href":"http:\/\/www.3emerive.fr\/index.php?rest_route=\/wp\/v2\/posts"}],"about":[{"href":"http:\/\/www.3emerive.fr\/index.php?rest_route=\/wp\/v2\/types\/post"}],"author":[{"embeddable":true,"href":"http:\/\/www.3emerive.fr\/index.php?rest_route=\/wp\/v2\/users\/1"}],"replies":[{"embeddable":true,"href":"http:\/\/www.3emerive.fr\/index.php?rest_route=%2Fwp%2Fv2%2Fcomments&post=296"}],"version-history":[{"count":1,"href":"http:\/\/www.3emerive.fr\/index.php?rest_route=\/wp\/v2\/posts\/296\/revisions"}],"predecessor-version":[{"id":297,"href":"http:\/\/www.3emerive.fr\/index.php?rest_route=\/wp\/v2\/posts\/296\/revisions\/297"}],"wp:attachment":[{"href":"http:\/\/www.3emerive.fr\/index.php?rest_route=%2Fwp%2Fv2%2Fmedia&parent=296"}],"wp:term":[{"taxonomy":"category","embeddable":true,"href":"http:\/\/www.3emerive.fr\/index.php?rest_route=%2Fwp%2Fv2%2Fcategories&post=296"},{"taxonomy":"post_tag","embeddable":true,"href":"http:\/\/www.3emerive.fr\/index.php?rest_route=%2Fwp%2Fv2%2Ftags&post=296"}],"curies":[{"name":"wp","href":"https:\/\/api.w.org\/{rel}","templated":true}]}}