{"id":149,"date":"2022-11-26T20:50:16","date_gmt":"2022-11-26T19:50:16","guid":{"rendered":"http:\/\/www.3emerive.fr\/?p=149"},"modified":"2022-11-26T20:50:16","modified_gmt":"2022-11-26T19:50:16","slug":"assemble-generale-ami-bio","status":"publish","type":"post","link":"http:\/\/www.3emerive.fr\/?p=149","title":{"rendered":"Assembl\u00e9 G\u00e9n\u00e9rale AMI BIO"},"content":{"rendered":"<div class=\"post-content e-content\" itemprop=\"articleBody\">\n<p>A 14 heures<\/p>\n<p>AMI BIO est l\u2019association relais de Bio Consom\u2019acteurs dans les Vosges (88).<\/p>\n<p>\u201cD\u00e9velopper la conscience et la responsabilit\u00e9 \u00e9cologique dans l\u2019esprit du consommateur\u201d.<\/p>\n<p>Agir pour une bio locale et \u00e9quitable.<\/p>\n<p>https:\/\/www.bioconsomacteurs.org\/association\/relais-locaux\/85<\/p>\n<p>\u2192 Ouvert \u00e0 toutes et tous.<\/p>\n<\/div>\n","protected":false},"excerpt":{"rendered":"<p>A 14 heures AMI BIO est l\u2019association relais de Bio Consom\u2019acteurs dans les Vosges (88). \u201cD\u00e9velopper la conscience et la responsabilit\u00e9 \u00e9cologique dans l\u2019esprit du consommateur\u201d. Agir pour une bio locale et \u00e9quitable. https:\/\/www.bioconsomacteurs.org\/association\/relais-locaux\/85 \u2192 Ouvert \u00e0 toutes et tous.<\/p>\n","protected":false},"author":1,"featured_media":0,"comment_status":"open","ping_status":"open","sticky":false,"template":"","format":"standard","meta":{"_themeisle_gutenberg_block_has_review":false,"_jetpack_memberships_contains_paid_content":false,"footnotes":""},"categories":[5,4],"tags":[],"class_list":["post-149","post","type-post","status-publish","format-standard","hentry","category-5","category-archives"],"blocksy_meta":{"styles_descriptor":{"styles":{"desktop":"","tablet":"","mobile":""},"google_fonts":[],"version":6}},"jetpack_featured_media_url":"","jetpack_sharing_enabled":true,"_links":{"self":[{"href":"http:\/\/www.3emerive.fr\/index.php?rest_route=\/wp\/v2\/posts\/149","targetHints":{"allow":["GET"]}}],"collection":[{"href":"http:\/\/www.3emerive.fr\/index.php?rest_route=\/wp\/v2\/posts"}],"about":[{"href":"http:\/\/www.3emerive.fr\/index.php?rest_route=\/wp\/v2\/types\/post"}],"author":[{"embeddable":true,"href":"http:\/\/www.3emerive.fr\/index.php?rest_route=\/wp\/v2\/users\/1"}],"replies":[{"embeddable":true,"href":"http:\/\/www.3emerive.fr\/index.php?rest_route=%2Fwp%2Fv2%2Fcomments&post=149"}],"version-history":[{"count":1,"href":"http:\/\/www.3emerive.fr\/index.php?rest_route=\/wp\/v2\/posts\/149\/revisions"}],"predecessor-version":[{"id":150,"href":"http:\/\/www.3emerive.fr\/index.php?rest_route=\/wp\/v2\/posts\/149\/revisions\/150"}],"wp:attachment":[{"href":"http:\/\/www.3emerive.fr\/index.php?rest_route=%2Fwp%2Fv2%2Fmedia&parent=149"}],"wp:term":[{"taxonomy":"category","embeddable":true,"href":"http:\/\/www.3emerive.fr\/index.php?rest_route=%2Fwp%2Fv2%2Fcategories&post=149"},{"taxonomy":"post_tag","embeddable":true,"href":"http:\/\/www.3emerive.fr\/index.php?rest_route=%2Fwp%2Fv2%2Ftags&post=149"}],"curies":[{"name":"wp","href":"https:\/\/api.w.org\/{rel}","templated":true}]}}