{"id":118,"date":"2022-11-26T20:36:01","date_gmt":"2022-11-26T19:36:01","guid":{"rendered":"http:\/\/www.3emerive.fr\/?p=118"},"modified":"2022-11-26T20:36:01","modified_gmt":"2022-11-26T19:36:01","slug":"pique-nique-29-juillet","status":"publish","type":"post","link":"http:\/\/www.3emerive.fr\/?p=118","title":{"rendered":"Pique nique, 29 juillet"},"content":{"rendered":"<div class=\"post-content e-content\" itemprop=\"articleBody\">\n<p>Suite aux retours tr\u00e8s positifs du pique nique du 1er juillet, nous vous invitons \u00e0 nous retrouver pour un nouveau partage.<\/p>\n<p>Rendez-vous <strong>dimanche 29 juillet<\/strong> \u00e0 partir de 11h30 au port d\u2019Epinal (vers l\u2019espace jeux enfants).<\/p>\n<p>Ouvert \u00e0 tous, parents, amis, coll\u00e8gues, voisins\u2026<\/p>\n<p>Jeux de plein air, papotages, farniente, fresque collective\u2026<\/p>\n<p>Gratuit !<\/p>\n<p>Pour pique-niquer, chacun apporte :<\/p>\n<ul>\n<li>\u00e0 boire et\/ou \u00e0 manger,<\/li>\n<li>assiette, verre, couverts,<\/li>\n<li>chaise ou natte de plage.<\/li>\n<\/ul>\n<p>Sinon, il est toujours possible de nous rejoindre dans l\u2019apr\u00e8s midi.<\/p>\n<p>Venez avec vos id\u00e9es et votre bonne humeur !<\/p>\n<h2 id=\"d\u00e9couverte-des-mini-\u00e2nes-\">D\u00e9couverte des mini-\u00e2nes !<\/h2>\n<p>L\u2019association Authentic\u2019\u00e2nes sera pr\u00e9sente pour vous faire d\u00e9couvrir, caresser et bichonner ses mini-\u00e2nes !<\/p>\n<p>Une super id\u00e9e pour les petits et les grands (gratuit).<\/p>\n<p>Plus d\u2019infos sur <a href=\"https:\/\/www.facebook.com\/mediation.animale.anes\/\">Authentic\u2019\u00e2nes<\/a>.<\/p>\n<h2 id=\"infos-pratiques\"><strong>Infos pratiques<\/strong><\/h2>\n<p>Grand Pique Nique au port d\u2019Epinal<\/p>\n<p>Dimanche 29 juillet 2018<\/p>\n<p>De 11h30 jusqu\u2019\u00e0 la fin de journ\u00e9e<\/p>\n<p>-\u2013<\/p>\n<\/div>\n","protected":false},"excerpt":{"rendered":"<p>Suite aux retours tr\u00e8s positifs du pique nique du 1er juillet, nous vous invitons \u00e0 nous retrouver pour un nouveau partage. Rendez-vous dimanche 29 juillet \u00e0 partir de 11h30 au port d\u2019Epinal (vers l\u2019espace jeux enfants). Ouvert \u00e0 tous, parents, amis, coll\u00e8gues, voisins\u2026 Jeux de plein air, papotages, farniente, fresque collective\u2026 Gratuit ! Pour pique-niquer, [&hellip;]<\/p>\n","protected":false},"author":1,"featured_media":0,"comment_status":"open","ping_status":"open","sticky":false,"template":"","format":"standard","meta":{"_themeisle_gutenberg_block_has_review":false,"_jetpack_memberships_contains_paid_content":false,"footnotes":""},"categories":[5,4],"tags":[],"class_list":["post-118","post","type-post","status-publish","format-standard","hentry","category-5","category-archives"],"blocksy_meta":{"styles_descriptor":{"styles":{"desktop":"","tablet":"","mobile":""},"google_fonts":[],"version":6}},"jetpack_featured_media_url":"","jetpack_sharing_enabled":true,"_links":{"self":[{"href":"http:\/\/www.3emerive.fr\/index.php?rest_route=\/wp\/v2\/posts\/118","targetHints":{"allow":["GET"]}}],"collection":[{"href":"http:\/\/www.3emerive.fr\/index.php?rest_route=\/wp\/v2\/posts"}],"about":[{"href":"http:\/\/www.3emerive.fr\/index.php?rest_route=\/wp\/v2\/types\/post"}],"author":[{"embeddable":true,"href":"http:\/\/www.3emerive.fr\/index.php?rest_route=\/wp\/v2\/users\/1"}],"replies":[{"embeddable":true,"href":"http:\/\/www.3emerive.fr\/index.php?rest_route=%2Fwp%2Fv2%2Fcomments&post=118"}],"version-history":[{"count":1,"href":"http:\/\/www.3emerive.fr\/index.php?rest_route=\/wp\/v2\/posts\/118\/revisions"}],"predecessor-version":[{"id":119,"href":"http:\/\/www.3emerive.fr\/index.php?rest_route=\/wp\/v2\/posts\/118\/revisions\/119"}],"wp:attachment":[{"href":"http:\/\/www.3emerive.fr\/index.php?rest_route=%2Fwp%2Fv2%2Fmedia&parent=118"}],"wp:term":[{"taxonomy":"category","embeddable":true,"href":"http:\/\/www.3emerive.fr\/index.php?rest_route=%2Fwp%2Fv2%2Fcategories&post=118"},{"taxonomy":"post_tag","embeddable":true,"href":"http:\/\/www.3emerive.fr\/index.php?rest_route=%2Fwp%2Fv2%2Ftags&post=118"}],"curies":[{"name":"wp","href":"https:\/\/api.w.org\/{rel}","templated":true}]}}