{"id":116,"date":"2022-11-26T20:35:10","date_gmt":"2022-11-26T19:35:10","guid":{"rendered":"http:\/\/www.3emerive.fr\/?p=116"},"modified":"2022-11-26T20:35:10","modified_gmt":"2022-11-26T19:35:10","slug":"grand-pique-nique-au-port-depinal","status":"publish","type":"post","link":"http:\/\/www.3emerive.fr\/?p=116","title":{"rendered":"Grand Pique Nique au port d&rsquo;Epinal"},"content":{"rendered":"<div class=\"post-content e-content\" itemprop=\"articleBody\">\n<p>3\u00e8me Rive vous propose de venir partager un bon moment <strong>ce dimanche 1er juillet<\/strong> pour un <strong>Grand Pique Nique au port d\u2019Epinal<\/strong>, \u00e0 partir de 11h30 jusqu\u2019en fin d\u2019apr\u00e8s midi !<\/p>\n<p>Ouvert \u00e0 toutes et tous, parents, amis, coll\u00e8gues, voisins\u2026<\/p>\n<p>Chacun.e apporte :<\/p>\n<ul>\n<li>un truc \u00e0 boire et\/ou \u00e0 manger<\/li>\n<li>son assiette, son verre, ses couverts<\/li>\n<li>chaise ou couverture pour vous asseoir<\/li>\n<\/ul>\n<p>Vous pouvez venir faire un tour dans l\u2019apr\u00e8s midi et apporter si vous voulez jeux de plein air, instrument de musique, etc \u2026<\/p>\n<p>Venez avec vos id\u00e9es et votre bonne humeur !<\/p>\n<h2 id=\"infos-pratiques\"><strong>Infos pratiques<\/strong><\/h2>\n<p>Grand Pique Nique au port d\u2019Epinal<\/p>\n<p>Dimanche 1er juillet 2018<\/p>\n<p>De 11h30 jusqu\u2019\u00e0 la fin de journ\u00e9e<\/p>\n<p>-\u2013<\/p>\n<p><em>Photo de <a href=\"https:\/\/unsplash.com\/photos\/vBA-JNHAraI?utm_source=unsplash&amp;utm_medium=referral&amp;utm_content=creditCopyText\">Chris Lawton<\/a> sur <a href=\"https:\/\/unsplash.com\/search\/photos\/picnic?utm_source=unsplash&amp;utm_medium=referral&amp;utm_content=creditCopyText\">Unsplash<\/a><\/em><\/p>\n<\/div>\n","protected":false},"excerpt":{"rendered":"<p>3\u00e8me Rive vous propose de venir partager un bon moment ce dimanche 1er juillet pour un Grand Pique Nique au port d\u2019Epinal, \u00e0 partir de 11h30 jusqu\u2019en fin d\u2019apr\u00e8s midi ! Ouvert \u00e0 toutes et tous, parents, amis, coll\u00e8gues, voisins\u2026 Chacun.e apporte : un truc \u00e0 boire et\/ou \u00e0 manger son assiette, son verre, ses [&hellip;]<\/p>\n","protected":false},"author":1,"featured_media":0,"comment_status":"open","ping_status":"open","sticky":false,"template":"","format":"standard","meta":{"_themeisle_gutenberg_block_has_review":false,"_jetpack_memberships_contains_paid_content":false,"footnotes":""},"categories":[5,4],"tags":[],"class_list":["post-116","post","type-post","status-publish","format-standard","hentry","category-5","category-archives"],"blocksy_meta":{"styles_descriptor":{"styles":{"desktop":"","tablet":"","mobile":""},"google_fonts":[],"version":6}},"jetpack_featured_media_url":"","jetpack_sharing_enabled":true,"_links":{"self":[{"href":"http:\/\/www.3emerive.fr\/index.php?rest_route=\/wp\/v2\/posts\/116","targetHints":{"allow":["GET"]}}],"collection":[{"href":"http:\/\/www.3emerive.fr\/index.php?rest_route=\/wp\/v2\/posts"}],"about":[{"href":"http:\/\/www.3emerive.fr\/index.php?rest_route=\/wp\/v2\/types\/post"}],"author":[{"embeddable":true,"href":"http:\/\/www.3emerive.fr\/index.php?rest_route=\/wp\/v2\/users\/1"}],"replies":[{"embeddable":true,"href":"http:\/\/www.3emerive.fr\/index.php?rest_route=%2Fwp%2Fv2%2Fcomments&post=116"}],"version-history":[{"count":1,"href":"http:\/\/www.3emerive.fr\/index.php?rest_route=\/wp\/v2\/posts\/116\/revisions"}],"predecessor-version":[{"id":117,"href":"http:\/\/www.3emerive.fr\/index.php?rest_route=\/wp\/v2\/posts\/116\/revisions\/117"}],"wp:attachment":[{"href":"http:\/\/www.3emerive.fr\/index.php?rest_route=%2Fwp%2Fv2%2Fmedia&parent=116"}],"wp:term":[{"taxonomy":"category","embeddable":true,"href":"http:\/\/www.3emerive.fr\/index.php?rest_route=%2Fwp%2Fv2%2Fcategories&post=116"},{"taxonomy":"post_tag","embeddable":true,"href":"http:\/\/www.3emerive.fr\/index.php?rest_route=%2Fwp%2Fv2%2Ftags&post=116"}],"curies":[{"name":"wp","href":"https:\/\/api.w.org\/{rel}","templated":true}]}}