{"id":113,"date":"2022-11-26T20:34:02","date_gmt":"2022-11-26T19:34:02","guid":{"rendered":"http:\/\/www.3emerive.fr\/?p=113"},"modified":"2022-11-26T20:34:02","modified_gmt":"2022-11-26T19:34:02","slug":"repair-cafe-9-juin","status":"publish","type":"post","link":"http:\/\/www.3emerive.fr\/?p=113","title":{"rendered":"Repair caf\u00e9 &#8211; 9 juin"},"content":{"rendered":"<div class=\"post-content e-content\" itemprop=\"articleBody\">\n<p>Le samedi 9 juin, 3e Rive, l\u2019association AMI et Epinal en Transition vous invite \u00e0 un repair caf\u00e9 !<\/p>\n<p>**Repair caf\u00e9 ? **<\/p>\n<p>R\u00e9parer ensemble, c\u2019est l\u2019id\u00e9e des Repair Caf\u00e9s dont l\u2019entr\u00e9e est ouverte \u00e0 tous. Outils et mat\u00e9riel sont disponibles \u00e0 l\u2019endroit o\u00f9 est organis\u00e9 le Repair Caf\u00e9, pour faire toutes les r\u00e9parations possibles et imaginables. V\u00eatements, meubles, appareils \u00e9lectriques, bicyclettes, vaisselle, objets utiles, jouets, et autres. D\u2019autre part sont pr\u00e9sents dans le Repair Caf\u00e9 des experts b\u00e9n\u00e9voles, qui ont une connaissance et une comp\u00e9tence de la r\u00e9paration dans toutes sortes de domaines.<\/p>\n<p>On y apporte des objets en mauvais \u00e9tat qu\u2019on a chez soi. Et on se met \u00e0 l\u2019ouvrage avec les gens du m\u00e9tier. Il y a toujours quelque chose \u00e0 apprendre au Repair Caf\u00e9. Ceux qui n\u2019ont rien \u00e0 r\u00e9parer prennent un caf\u00e9 ou un th\u00e9, ou aident \u00e0 r\u00e9parer un objet appartenant \u00e0 un autre.<\/p>\n<p>**Au programme **<\/p>\n<ul>\n<li>De 10h \u00e0 12h et de 14h \u00e0 17h30, venez avec vos objets cass\u00e9s et r\u00e9parons-les ensemble !<\/li>\n<li>Le midi, <strong>petite restauration sur place<\/strong> assur\u00e9e par 3\u00e8me Rive<\/li>\n<\/ul>\n<p>-\u2013<\/p>\n<h2 id=\"infos-pratiques\">Infos pratiques<\/h2>\n<p><strong>Samedi 9 juin 2018,<\/strong> 10h \u00e0 12h et 14h \u00e0 17h30<\/p>\n<p><strong>Brocante de A.M.I,<\/strong><\/p>\n<p>Quartier de la Madeleine,<\/p>\n<p>88000 Epinal<\/p>\n<p><strong>Boissons et petite restauration sur place !<\/strong><\/p>\n<\/div>\n","protected":false},"excerpt":{"rendered":"<p>Le samedi 9 juin, 3e Rive, l\u2019association AMI et Epinal en Transition vous invite \u00e0 un repair caf\u00e9 ! **Repair caf\u00e9 ? ** R\u00e9parer ensemble, c\u2019est l\u2019id\u00e9e des Repair Caf\u00e9s dont l\u2019entr\u00e9e est ouverte \u00e0 tous. Outils et mat\u00e9riel sont disponibles \u00e0 l\u2019endroit o\u00f9 est organis\u00e9 le Repair Caf\u00e9, pour faire toutes les r\u00e9parations possibles [&hellip;]<\/p>\n","protected":false},"author":1,"featured_media":0,"comment_status":"open","ping_status":"open","sticky":false,"template":"","format":"standard","meta":{"_themeisle_gutenberg_block_has_review":false,"_jetpack_memberships_contains_paid_content":false,"footnotes":""},"categories":[5,4],"tags":[],"class_list":["post-113","post","type-post","status-publish","format-standard","hentry","category-5","category-archives"],"blocksy_meta":{"styles_descriptor":{"styles":{"desktop":"","tablet":"","mobile":""},"google_fonts":[],"version":6}},"jetpack_featured_media_url":"","jetpack_sharing_enabled":true,"_links":{"self":[{"href":"http:\/\/www.3emerive.fr\/index.php?rest_route=\/wp\/v2\/posts\/113","targetHints":{"allow":["GET"]}}],"collection":[{"href":"http:\/\/www.3emerive.fr\/index.php?rest_route=\/wp\/v2\/posts"}],"about":[{"href":"http:\/\/www.3emerive.fr\/index.php?rest_route=\/wp\/v2\/types\/post"}],"author":[{"embeddable":true,"href":"http:\/\/www.3emerive.fr\/index.php?rest_route=\/wp\/v2\/users\/1"}],"replies":[{"embeddable":true,"href":"http:\/\/www.3emerive.fr\/index.php?rest_route=%2Fwp%2Fv2%2Fcomments&post=113"}],"version-history":[{"count":1,"href":"http:\/\/www.3emerive.fr\/index.php?rest_route=\/wp\/v2\/posts\/113\/revisions"}],"predecessor-version":[{"id":114,"href":"http:\/\/www.3emerive.fr\/index.php?rest_route=\/wp\/v2\/posts\/113\/revisions\/114"}],"wp:attachment":[{"href":"http:\/\/www.3emerive.fr\/index.php?rest_route=%2Fwp%2Fv2%2Fmedia&parent=113"}],"wp:term":[{"taxonomy":"category","embeddable":true,"href":"http:\/\/www.3emerive.fr\/index.php?rest_route=%2Fwp%2Fv2%2Fcategories&post=113"},{"taxonomy":"post_tag","embeddable":true,"href":"http:\/\/www.3emerive.fr\/index.php?rest_route=%2Fwp%2Fv2%2Ftags&post=113"}],"curies":[{"name":"wp","href":"https:\/\/api.w.org\/{rel}","templated":true}]}}